{"id":29370,"date":"2019-04-22T14:52:00","date_gmt":"2019-04-22T18:52:00","guid":{"rendered":"https:\/\/linitiative.ca\/International\/chihab-affirme-que-bouchouareb-est-fils-de-harki\/"},"modified":"2019-04-22T14:52:00","modified_gmt":"2019-04-22T18:52:00","slug":"chihab-affirme-que-bouchouareb-est-fils-de-harki","status":"publish","type":"post","link":"https:\/\/linitiative.ca\/International\/chihab-affirme-que-bouchouareb-est-fils-de-harki\/","title":{"rendered":"Chihab affirme que Bouchouareb est \u2018\u2019fils de harki\u2019\u2019"},"content":{"rendered":"<p><br id=\"sep_para_1\" class=\"sep_para access\"\/><\/p>\n<div id=\"para_1\" class=\"para_30544504 resize\">\n<div class=\"photo shadow left\"><a href=\"javascript:void(0)\" rel=\"https:\/\/www.reflexiondz.net\/photo\/art\/grande\/32935815-30544504.jpg?v=1555960537&#038;ibox\" title=\"Chihab affirme que Bouchouareb est \u2018\u2019fils de harki\u2019\u2019\"><img decoding=\"async\" class=\"responsive c9\" src=\"https:\/\/www.reflexiondz.net\/photo\/art\/grande\/32935815-30544504.jpg?v=1555960537\" alt=\"Chihab affirme que Bouchouareb est \u2018\u2019fils de harki\u2019\u2019\" title=\"Chihab affirme que Bouchouareb est \u2018\u2019fils de harki\u2019\u2019\"\/><img decoding=\"async\" class=\"not-responsive\" src=\"https:\/\/www.reflexiondz.net\/photo\/art\/default\/32935815-30544504.jpg?v=1555960540\" alt=\"Chihab affirme que Bouchouareb est \u2018\u2019fils de harki\u2019\u2019\" title=\"Chihab affirme que Bouchouareb est \u2018\u2019fils de harki\u2019\u2019\"\/><\/a><\/div>\n<div class=\"texte access firstletter\">Dans une interview \u00e0 la cha\u00eene de t\u00e9l\u00e9vision priv\u00e9e El-Hayat TV, le d\u00e9put\u00e9 RND, Chihab Seddik r\u00e9v\u00e8le comment les cercles du pouvoir avaient, selon lui, \u00abimpos\u00e9\u00bb l\u2019ex-ministre Abdeslam Bouchouareb, d\u2019abord comme d\u00e9put\u00e9 du RND, puis comme ministre de l\u2019Industrie. \u00abJ\u2019ai re\u00e7u un coup de t\u00e9l\u00e9phone, raconte Chihab, aux environs de 23 h de la part de Sa\u00efd Bouteflika, qui me demande si je m\u2019\u00e9tais entendu avec Bouchouareb et qu\u2019il fallait, au nom du nationalisme, l\u2019int\u00e9grer sur nos listes. Je lui ai r\u00e9pondu que mon nationalisme et mon statut de fils de chahid et de moudjahid ne m\u2019autorisent pas \u00e0 accepter un fils de harki !\u00bb Poursuivant sa narration, Seddik Chihab affirme avoir re\u00e7u le lendemain un appel t\u00e9l\u00e9phonique de feu Ahmed Boustila, ancien commandant de la Gendarmerie nationale, qui, lui aussi, lui faisait pression pour recevoir la candidature d\u2019Abdeslam Bouchouareb sur la liste du RND pour la circonscription d\u2019Alger.<\/div>\n<\/div>\n<p>Auteur: R\u00e9flexion<br \/>\n<a href=\"https:\/\/www.reflexiondz.net\/Chihab-affirme-que-Bouchouareb-est-fils-de-harki_a55516.html\">Cliquez ici pour lire l&rsquo;article depuis sa source.<\/a><\/p>\n","protected":false},"excerpt":{"rendered":"<p>Dans une interview \u00e0 la cha\u00eene de t\u00e9l\u00e9vision priv\u00e9e El-Hayat TV, le d\u00e9put\u00e9 RND, Chihab Seddik r\u00e9v\u00e8le comment les cercles du pouvoir avaient, selon lui, \u00abimpos\u00e9\u00bb l\u2019ex-ministre Abdeslam Bouchouareb, d\u2019abord comme d\u00e9put\u00e9 du RND, puis comme ministre de l\u2019Industrie. \u00abJ\u2019ai re\u00e7u un coup de t\u00e9l\u00e9phone, raconte Chihab, aux environs de 23 h de la part [&hellip;]<\/p>\n","protected":false},"author":1740,"featured_media":0,"comment_status":"closed","ping_status":"closed","sticky":false,"template":"","format":"standard","meta":{"fifu_image_url":"","fifu_image_alt":"","footnotes":""},"categories":[53,76],"tags":[],"class_list":["post-29370","post","type-post","status-publish","format-standard","hentry","category-algerie","category-regions"],"_links":{"self":[{"href":"https:\/\/linitiative.ca\/International\/wp-json\/wp\/v2\/posts\/29370","targetHints":{"allow":["GET"]}}],"collection":[{"href":"https:\/\/linitiative.ca\/International\/wp-json\/wp\/v2\/posts"}],"about":[{"href":"https:\/\/linitiative.ca\/International\/wp-json\/wp\/v2\/types\/post"}],"author":[{"embeddable":true,"href":"https:\/\/linitiative.ca\/International\/wp-json\/wp\/v2\/users\/1740"}],"replies":[{"embeddable":true,"href":"https:\/\/linitiative.ca\/International\/wp-json\/wp\/v2\/comments?post=29370"}],"version-history":[{"count":0,"href":"https:\/\/linitiative.ca\/International\/wp-json\/wp\/v2\/posts\/29370\/revisions"}],"wp:attachment":[{"href":"https:\/\/linitiative.ca\/International\/wp-json\/wp\/v2\/media?parent=29370"}],"wp:term":[{"taxonomy":"category","embeddable":true,"href":"https:\/\/linitiative.ca\/International\/wp-json\/wp\/v2\/categories?post=29370"},{"taxonomy":"post_tag","embeddable":true,"href":"https:\/\/linitiative.ca\/International\/wp-json\/wp\/v2\/tags?post=29370"}],"curies":[{"name":"wp","href":"https:\/\/api.w.org\/{rel}","templated":true}]}}