{"id":29380,"date":"2019-04-22T05:00:54","date_gmt":"2019-04-22T09:00:54","guid":{"rendered":"https:\/\/linitiative.ca\/International\/une-historienne-marquee-par-le-8-mai-1945\/"},"modified":"2019-04-22T05:00:54","modified_gmt":"2019-04-22T09:00:54","slug":"une-historienne-marquee-par-le-8-mai-1945","status":"publish","type":"post","link":"https:\/\/linitiative.ca\/International\/une-historienne-marquee-par-le-8-mai-1945\/","title":{"rendered":"Une historienne marqu\u00e9e par le 8 Mai 1945"},"content":{"rendered":"<h4 class=\"title-14\">Hommage \u00e0 la militante anticolonialiste Annie Rey-Goldzeiguer<\/h4>\n<div class=\"featured_image\"><img width=\"400\" height=\"578\" data-cfsrc=\"https:\/\/www.elwatan.com\/wp-content\/uploads\/2019\/04\/annie-1.jpg\" class=\"attachment-post-thumbnail size-post-thumbnail wp-post-image c1\" alt=\"\" srcset=\"https:\/\/www.elwatan.com\/wp-content\/uploads\/2019\/04\/annie-1.jpg 400w, https:\/\/www.elwatan.com\/wp-content\/uploads\/2019\/04\/annie-1-208x300.jpg 208w\" sizes=\"(max-width: 400px) 100vw, 400px\"\/><noscript><\/p>\n<p><img loading=\"lazy\" decoding=\"async\" width=\"400\" height=\"578\" src=\"https:\/\/www.elwatan.com\/wp-content\/uploads\/2019\/04\/annie-1.jpg\" class=\"attachment-post-thumbnail size-post-thumbnail wp-post-image\" alt=\"\" srcset=\"https:\/\/www.elwatan.com\/wp-content\/uploads\/2019\/04\/annie-1.jpg 400w, https:\/\/www.elwatan.com\/wp-content\/uploads\/2019\/04\/annie-1-208x300.jpg 208w\" sizes=\"auto, (max-width: 400px) 100vw, 400px\"\/><\/p>\n<p><\/noscript><\/div>\n<p class=\"p4\"><span class=\"s3\"><strong>Annie Rey-Goldzeiguer est n\u00e9e \u00e0 Tunis en 1925. Au d\u00e9but des ann\u00e9es 1940, elle d\u00e9barque pour la premi\u00e8re fois \u00e0 Alger. Elle <em>\u00abd\u00e9couvre Alger en 1940 ; elle repart bien vite \u00e0 Tunis pour \u00e9chapper \u00e0 la tutelle directe du r\u00e9gime de Vichy. Son p\u00e8re est cependant d\u00e9port\u00e9 en Grande Allemagne au camp d\u2019Oranienbourg, dont il ne reviendra pas.\u00bb<\/em><\/strong><\/span><\/p>\n<p class=\"p4\"><span class=\"s4\">L<\/span><span class=\"s3\">\u2019historienne et militante anticolonialiste Annie Rey-Goldzeiguer nous a quitt\u00e9s le 17 avril. Elle avait 94 ans. Sp\u00e9cialiste de l\u2019Alg\u00e9rie coloniale, elle a laiss\u00e9 notamment deux ouvrages de r\u00e9f\u00e9rence : <em>Aux origines de la guerre d\u2019Alg\u00e9rie, 1940-1945. De Mers El K\u00e9bir aux massacres du Nord-Constantinois<\/em> (Paris, \u00e9d. La D\u00e9couverte, 2002) et <em>Le Royaume arabe. La politique alg\u00e9rienne de Napol\u00e9on III (1861-1870)<\/em> (Alger, SNED, 1977).<\/span><\/p>\n<p class=\"p4\"><span class=\"s3\">Annie Rey-Goldzeiguer est n\u00e9e \u00e0 Tunis en 1925. Au d\u00e9but des ann\u00e9es 1940, elle d\u00e9barque pour la premi\u00e8re fois \u00e0 Alger. Elle <em>\u00abd\u00e9couvre Alger en 1940 ; elle repart bien vite \u00e0 Tunis pour \u00e9chapper \u00e0 la tutelle directe du r\u00e9gime de Vichy. Son p\u00e8re est cependant d\u00e9port\u00e9 en Grande Allemagne au camp d\u2019Oranienbourg, dont il ne reviendra pas\u00bb<\/em>, indique une notice biographique qui lui est consacr\u00e9e par l\u2019historien Ren\u00e9 Gallissot.<\/span><\/p>\n<p class=\"p4\"><span class=\"s3\">Elle y revient en 1943 et suit des <em>\u00ab\u00e9tudes d\u2019histoire et g\u00e9ographie \u00e0 la seule universit\u00e9 d\u2019Afrique du Nord\u00bb,<\/em> poursuit Gallissot, avant d\u2019ajouter : <em>\u00abDans l\u2019ardeur du mouvement de la France combattante, tr\u00e8s vive dans la gauche et l\u2019extr\u00eame gauche des familles minoritaires juives ou mixtes, elle est aussi \u00e9tudiante communiste.\u00bb<\/em> C\u2019est ainsi que la jeune femme va se retrouver t\u00e9moin de premier plan des manifestations de mai 1945, \u00e0 Alger.<\/span><\/p>\n<p class=\"p4\"><span class=\"s3\"><em>\u00abJ\u2019ai particip\u00e9 \u00e0 la manifestation du 1<sup>er<\/sup> mai 1945 ; j\u2019ai \u00e9t\u00e9 traumatis\u00e9e par la manifestation nationaliste et sa r\u00e9pression brutale. Mais le v\u00e9ritable choc fut le 8 Mai 1945\u00bb<\/em>, t\u00e9moignera-t-elle (propos cit\u00e9s par R. Gallissot). <em>\u00abJe me suis jur\u00e9 de quitter l\u2019Alg\u00e9rie et de n\u2019y revenir qu\u2019apr\u00e8s l\u2019ind\u00e9pendance. J\u2019ai tenu parole\u00bb,<\/em> dira-t-elle \u00e0 Gilles Perrault.<\/span><\/p>\n<p class=\"p4\"><strong><span class=\"s3\">\u00abOn \u00e9tait des porteurs de valises\u00bb<\/span><\/strong><\/p>\n<p class=\"p4\"><span class=\"s3\">Annie Godzeiguer <em>\u00abpoursuit ses \u00e9tudes \u00e0 la Sorbonne et r\u00e9ussit l\u2019agr\u00e9gation d\u2019histoire-g\u00e9ographie\u00bb<\/em>. En 1952, elle commence \u00e0 enseigner \u00e0 Paris. Sur le plan politique, elle s\u2019engage dans les rangs du PCF et int\u00e8gre, en 1955, une cellule qui comptait parmi ses membres G\u00e9rard Spitzer et Victor Leduc, deux figures militantes qui soutenaient activement le FLN. A partir de 1956, elle prend ses distances avec le parti communiste ; elle <em>\u00abse joint au groupe de La Voie communiste et participe \u00e0 l\u2019aide de la F\u00e9d\u00e9ration de France du FLN ; la maison Rey est une adresse de ressources\u00bb<\/em>, souligne Ren\u00e9 Gallissot dans sa note biographique.<\/span><\/p>\n<p class=\"p4\"><span class=\"s3\">Dans un t\u00e9moignage paru sur les colonnes d\u2019<em>El Watan<\/em> en 2004, \u00e0 l\u2019occasion du 50<sup>e<\/sup> anniversaire du d\u00e9clenchement de la R\u00e9volution, Annie Rey-Goldzeiguer apportait un pr\u00e9cieux \u00e9clairage sur le parcours de Mohamed Boudiaf, dont elle \u00e9tait proche, et \u00e9voquait, par ricochet, ses propres activit\u00e9s clandestines en faveur de la cause alg\u00e9rienne. Elle disait : <em>\u00abNotre groupe, qui s\u2019est form\u00e9 fin 1955, \u00e9tait constitu\u00e9 d\u2019anciens communistes qui avaient peu \u00e0 peu pris des distances avec le parti. On \u00e9tait des porteurs de valises.<\/em><\/span><\/p>\n<p class=\"p4\"><span class=\"s3\"><em>Nous avions des contacts tr\u00e8s \u00e9troits avec certains des nationalistes alg\u00e9riens emprisonn\u00e9s. C\u2019est dans ces conditions que nous avons eu un dialogue avec Mohamed Boudiaf. Mohamed Boudiaf, c\u2019est d\u2019abord l\u2019interlocuteur que je ne connaissais pas, et avec qui j\u2019ai dialogu\u00e9 \u00e0 travers les murs de la prison.\u00bb<\/em> Et de poursuivre : <em>\u00abOn s\u2019est connus sans se conna\u00eetre.<\/em><\/span><\/p>\n<p class=\"p4\"><span class=\"s3\"><em>On se connaissait d\u2019autant que G\u00e9rard Spitzer, qui faisait partie du groupe, a \u00e9t\u00e9 arr\u00eat\u00e9 et plac\u00e9 en d\u00e9tention avec Boudiaf. Pendant la p\u00e9riode pr\u00e9c\u00e9dant le 1<sup>er\u00a0<\/sup>Novembre 1954, Mohamed Boudiaf a jou\u00e9 un r\u00f4le essentiel et a continuellement \u0153uvr\u00e9 \u00e0 l\u2019unit\u00e9 du mouvement nationaliste. Gilbert Meynier affirme que Mohamed Boudiaf a \u00e9t\u00e9 centraliste, ce n\u2019est pas vrai. Boudiaf ne pouvait pas \u00eatre centraliste, il \u00e9tait pour l\u2019unit\u00e9.\u00bb<\/em> (\u00abMohamed Boudiaf, l\u2019homme de Novembre\u00bb in <em>El Watan<\/em> du 7 novembre 2004).<\/span><\/p>\n<p class=\"p9\"><strong><span class=\"s3\">\u00abJe suis revenue en France en 1945 tr\u00e8s anticolonialiste\u00bb<\/span><\/strong><\/p>\n<p class=\"p9\"><span class=\"s3\">La r\u00e9pression du 8 mai 1945 a constitu\u00e9 un tournant d\u00e9cisif dans l\u2019engagement d\u2019Annie Goldzeiguer en faveur de l\u2019Alg\u00e9rie. Elle confiait \u00e0 <em>El Watan<\/em> : <em>\u00abJe suis revenue d\u2019Alger en juin 1945, o\u00f9 j\u2019\u00e9tais \u00e9tudiante depuis deux ans. Le 8 mai 1945, j\u2019\u00e9tais \u00e0 Alger. Quand je suis partie, j\u2019ai fait un serment : je ne reviendrais \u00e0 Alger qu\u2019apr\u00e8s l\u2019ind\u00e9pendance de l\u2019Alg\u00e9rie. J\u2019ai \u00e9t\u00e9 tr\u00e8s marqu\u00e9e par les \u00e9v\u00e9nements de 1945, parce que, quoi qu\u2019on en dise, \u00e0 Alger, nous voyions un certain nombre de choses. J\u2019ai vu les avions qui piquaient sur le Djurdjura et les bombes qui tombaient.<\/em><\/span><\/p>\n<p class=\"p9\"><span class=\"s3\"><em>J\u2019ai entendu aussi les bateaux de guerre. Je suis revenue en France en 1945 tr\u00e8s anticolonialiste. Je croyais \u00e0 la r\u00e9volution, peut-\u00eatre pas g\u00e9n\u00e9rale, mais au moins en France. J\u2019\u00e9tais d\u00e9cid\u00e9e \u00e0 me battre pour que cet id\u00e9al que nous portions r\u00e9ussisse. C\u2019\u00e9tait, d\u2019abord, une lib\u00e9ration du joug colonial, une lib\u00e9ration de l\u2019individu, et, pour moi, l\u2019individu c\u2019\u00e9tait la femme. Je croyais qu\u2019il faudrait une r\u00e9volution pour transformer les choses, et qu\u2019on pourrait faire une r\u00e9volution \u00e0 la Gandhi. La France, ce n\u2019est pas l\u2019Inde. On s\u2019en est rendu compte tr\u00e8s vite.\u00bb<\/em> (<em>El Watan<\/em> du 7 novembre 2004).<\/span><\/p>\n<p class=\"p9\"><span class=\"s3\">Dans un entretien accord\u00e9 \u00e0 <em>L\u2019Express<\/em> dat\u00e9 du 14 mars 2002, l\u2019historienne r\u00e9v\u00e8le \u00e0 propos des massacres de Mai 1945 : <em>\u00abA la demande du gouverneur Chataigneau, le commissaire de police Berg\u00e9 r\u00e9digera deux rapports (\u00e0 Guelma, il a vu de ses yeux les charniers) qui seront ignor\u00e9s. Peu apr\u00e8s, le g\u00e9n\u00e9ral Tubert sera envoy\u00e9 \u00e0 son tour pour enqu\u00eater. Un ordre venu de Paris lui interdira de continuer : il \u00e9mane du g\u00e9n\u00e9ral de Gaulle lui-m\u00eame ! Le silence se fait.<\/em><\/span><\/p>\n<p class=\"p9\"><span class=\"s3\"><em>Le Parti communiste se tait lui aussi. A la fin de la guerre d\u2019Alg\u00e9rie, les archives civiles relatant les \u00e9v\u00e9nements seront exp\u00e9di\u00e9es par navires de guerre, puis verrouill\u00e9es au centre d\u2019Aix-en-Provence. En 1985, gr\u00e2ce au conservateur \u2013 qui sera sanctionn\u00e9 pour cette initiative\u00a0\u2013 j\u2019ai pu consulter les rapports de Berg\u00e9 : c\u2019est le document le plus bouleversant que j\u2019ai jamais lu de toute ma vie de chercheur. Quant aux archives militaires, partiellement ouvertes en 1990, elles ont \u00e9t\u00e9 nettoy\u00e9es : la correspondance du g\u00e9n\u00e9ral Raymond Duval, commandant de la division du Constantinois en 1945, a \u00e9t\u00e9 tronqu\u00e9e de la p\u00e9riode du 8 au 11 mai. Nous ne sommes toujours pas capables de regarder notre histoire en face.\u00bb<\/em><\/span><\/p>\n<p class=\"p9\"><strong><span class=\"s3\">Les Rey ont h\u00e9berg\u00e9 Boudiaf<\/span><\/strong><\/p>\n<p class=\"p9\"><span class=\"s3\">A l\u2019ind\u00e9pendance de notre pays, d\u00e8s le 7 juillet 1962, Annie revient \u00e0 Alger. Elle s\u2019attelle \u00e0 son travail de th\u00e8se sur le <em>\u00abRoyaume arabe de Napol\u00e9on III\u00bb<\/em>. Elle retrouve \u00e9galement la <em>\u00abmaison familiale pr\u00e8s de Tunis\u00bb<\/em>. Ren\u00e9 Gallissot rapporte : <em>\u00abDans leur appartement \u00e0 Paris, les Rey ont accueilli un temps, en 1963, M. Boudiaf qui a quitt\u00e9 l\u2019Alg\u00e9rie.\u00bb<\/em> Dans le r\u00e9cit livr\u00e9 sur <em>El Watan<\/em> \u00e0 propos de Boudiaf, Annie Rey-Goldzeiguer t\u00e9moigne : <em>\u00abNous avons suivi, effondr\u00e9s, l\u2019installation de Ben Bella.<\/em><\/span><\/p>\n<p class=\"p9\"><span class=\"s3\"><em>Il y a eu une conjonction \u00e9tonnante des services fran\u00e7ais \u2013 on trouve dans les archives le nom de Ben Bella \u2013 et des services \u00e9gyptiens pour \u201dpromotionner\u201d Ben Bella. Je fais une recherche sur l\u2019action men\u00e9e sur le long terme par les services de renseignements fran\u00e7ais, action que les nationalistes alg\u00e9riens n\u2019ont pas pris suffisamment en compte. Nous apprenons, \u00e0 Paris, l\u2019arrestation de Mohamed Boudiaf. Un historique emprisonn\u00e9 par l\u2019arm\u00e9e !<\/em><\/span><\/p>\n<p class=\"p9\"><span class=\"s3\"><em>C\u2019\u00e9tait quand m\u00eame incroyable ! Mohamed nous avait envoy\u00e9 ses notes. Je les ai encore. Le groupe s\u2019est r\u00e9uni pour d\u00e9cider de ce que l\u2019on allait en faire. Nous avons mis en forme les notes, et cela a donn\u00e9<\/em> O\u00f9 va l\u2019Alg\u00e9rie ? <em>Le livre \u00e9tait pr\u00eat. On allait le publier. C\u2019\u00e9tait en 1963. Un jour, on sonne \u00e0 la porte, j\u2019ouvre : je me trouve devant Mohamed. Je le revois encore avec son trench-coat. Il me dit : \u201dJe n\u2019ai rien, m\u00eame pas un bagage.\u201d Il est rest\u00e9 plusieurs mois chez moi.\u00bb<\/em> Merci pour tout, Annie. Que la terre te soit l\u00e9g\u00e8re\u2026<\/span><\/p>\n<div class=\"yuzo_related_post style-1\" data-version=\"5.12.88\">\n<p><h3>Related Post<\/h3>\n<\/p>\n<div class=\"yuzo_wraps\">\n<div class=\"relatedthumb relatedpost-374111 c11\"><a href=\"https:\/\/www.elwatan.com\/edition\/international\/echange-de-mots-virulents-entre-tel-aviv-et-ankara-24-12-2018\"\/><\/p>\n<p><span class=\"yuzo__text--title c10\">Echange de mots virulents entre Tel-Aviv et Ankara<\/span><\/div>\n<div class=\"relatedthumb relatedpost-365095 c11\"><a href=\"https:\/\/www.elwatan.com\/edition\/international\/75-palestiniens-tues-et-486-autres-arretes-par-letat-hebreu-bain-de-sang-en-cisjordanie-et-a-ghaza-20-12-2018\"\/><\/p>\n<p><span class=\"yuzo__text--title c10\">75 Palestiniens tu\u00e9s et 486 autres arr\u00eat\u00e9s par l\u2019\u00e9&#8230;<\/span><\/div>\n<div class=\"relatedthumb relatedpost-141622 c11\"><a href=\"https:\/\/www.elwatan.com\/edition\/sports\/la-fatigue-lautre-adversaire-de-lentente-31-07-2018\"\/><\/p>\n<p><span class=\"yuzo__text--title c10\">La fatigue, l\u2019autre adversaire de l\u2019Entente<\/span><\/div>\n<\/div>\n<\/div>\n<p><span class=\"post-views-label\">Post Views:<\/span> <span class=\"post-views-count\">786<\/span><\/p>\n<p>Auteur: Anis Khecheba<br \/>\n<a href=\"https:\/\/www.elwatan.com\/edition\/actualite\/une-historienne-marquee-par-le-8-mai-1945-22-04-2019\">Cliquez ici pour lire l&rsquo;article depuis sa source.<\/a><\/p>\n","protected":false},"excerpt":{"rendered":"<p>Hommage \u00e0 la militante anticolonialiste Annie Rey-Goldzeiguer Annie Rey-Goldzeiguer est n\u00e9e \u00e0 Tunis en 1925. Au d\u00e9but des ann\u00e9es 1940, elle d\u00e9barque pour la premi\u00e8re fois \u00e0 Alger. Elle \u00abd\u00e9couvre Alger en 1940 ; elle repart bien vite \u00e0 Tunis pour \u00e9chapper \u00e0 la tutelle directe du r\u00e9gime de Vichy. Son p\u00e8re est cependant d\u00e9port\u00e9 [&hellip;]<\/p>\n","protected":false},"author":1743,"featured_media":29381,"comment_status":"closed","ping_status":"closed","sticky":false,"template":"","format":"standard","meta":{"fifu_image_url":"","fifu_image_alt":"","footnotes":""},"categories":[73,53],"tags":[],"class_list":["post-29380","post","type-post","status-publish","format-standard","has-post-thumbnail","hentry","category-actualite","category-algerie"],"_links":{"self":[{"href":"https:\/\/linitiative.ca\/International\/wp-json\/wp\/v2\/posts\/29380","targetHints":{"allow":["GET"]}}],"collection":[{"href":"https:\/\/linitiative.ca\/International\/wp-json\/wp\/v2\/posts"}],"about":[{"href":"https:\/\/linitiative.ca\/International\/wp-json\/wp\/v2\/types\/post"}],"author":[{"embeddable":true,"href":"https:\/\/linitiative.ca\/International\/wp-json\/wp\/v2\/users\/1743"}],"replies":[{"embeddable":true,"href":"https:\/\/linitiative.ca\/International\/wp-json\/wp\/v2\/comments?post=29380"}],"version-history":[{"count":0,"href":"https:\/\/linitiative.ca\/International\/wp-json\/wp\/v2\/posts\/29380\/revisions"}],"wp:featuredmedia":[{"embeddable":true,"href":"https:\/\/linitiative.ca\/International\/wp-json\/"}],"wp:attachment":[{"href":"https:\/\/linitiative.ca\/International\/wp-json\/wp\/v2\/media?parent=29380"}],"wp:term":[{"taxonomy":"category","embeddable":true,"href":"https:\/\/linitiative.ca\/International\/wp-json\/wp\/v2\/categories?post=29380"},{"taxonomy":"post_tag","embeddable":true,"href":"https:\/\/linitiative.ca\/International\/wp-json\/wp\/v2\/tags?post=29380"}],"curies":[{"name":"wp","href":"https:\/\/api.w.org\/{rel}","templated":true}]}}