{"id":29382,"date":"2019-04-22T05:03:01","date_gmt":"2019-04-22T09:03:01","guid":{"rendered":"https:\/\/linitiative.ca\/International\/oran-les-artisans-en-colere\/"},"modified":"2019-04-22T05:03:01","modified_gmt":"2019-04-22T09:03:01","slug":"oran-les-artisans-en-colere","status":"publish","type":"post","link":"https:\/\/linitiative.ca\/International\/oran-les-artisans-en-colere\/","title":{"rendered":"Oran : Les artisans en col\u00e8re"},"content":{"rendered":"<h4 class=\"title-14\"\/>\n<div class=\"featured_image\"><img width=\"1000\" height=\"713\" data-cfsrc=\"https:\/\/www.elwatan.com\/wp-content\/uploads\/2019\/04\/artisan.jpg\" class=\"attachment-post-thumbnail size-post-thumbnail wp-post-image c1\" alt=\"\" srcset=\"https:\/\/www.elwatan.com\/wp-content\/uploads\/2019\/04\/artisan.jpg 1000w, https:\/\/www.elwatan.com\/wp-content\/uploads\/2019\/04\/artisan-300x214.jpg 300w, https:\/\/www.elwatan.com\/wp-content\/uploads\/2019\/04\/artisan-768x548.jpg 768w\" sizes=\"(max-width: 1000px) 100vw, 1000px\"\/><noscript><\/p>\n<p><img loading=\"lazy\" decoding=\"async\" width=\"1000\" height=\"713\" src=\"https:\/\/www.elwatan.com\/wp-content\/uploads\/2019\/04\/artisan.jpg\" class=\"attachment-post-thumbnail size-post-thumbnail wp-post-image\" alt=\"\" srcset=\"https:\/\/www.elwatan.com\/wp-content\/uploads\/2019\/04\/artisan.jpg 1000w, https:\/\/www.elwatan.com\/wp-content\/uploads\/2019\/04\/artisan-300x214.jpg 300w, https:\/\/www.elwatan.com\/wp-content\/uploads\/2019\/04\/artisan-768x548.jpg 768w\" sizes=\"auto, (max-width: 1000px) 100vw, 1000px\"\/><\/p>\n<p><\/noscript><\/div>\n<p class=\"p3\"><span class=\"s4\">La Chambre de l\u2019artisanat et des m\u00e9tiers de la wilaya d\u2019Oran annonce qu\u2019un deuxi\u00e8me rassemblement de protestation est pr\u00e9vu ce mardi 23 avril pour d\u00e9noncer \u00abl\u2019exclusion des artisans\u00bb.<\/span><\/p>\n<p class=\"p3\"><span class=\"s5\"><strong>D<\/strong><\/span><span class=\"s4\">ans une d\u00e9claration transmise \u00e0 notre r\u00e9daction, la Chambre de l\u2019artisanat et des m\u00e9tiers de la wilaya d\u2019Oran annonce la tenue d\u2019un deuxi\u00e8me rassemblement de protestation demain (mardi) pour d\u00e9noncer <em>\u00abl\u2019exclusion des artisans par l\u2019administration en charge du secteur\u00bb<\/em>. <em>\u00abToutes nos d\u00e9marches pour exposer les pr\u00e9occupations des artisans n\u2019ont pas trouv\u00e9 l\u2019attention n\u00e9cessaire de la part des autorit\u00e9s publiques de la wilaya\u00bb<\/em>, regrettent les membres de l\u2019assembl\u00e9e g\u00e9n\u00e9rale de la Chambre de l\u2019artisanat et des m\u00e9tiers, qui se sont r\u00e9unis en session ordinaire le 18 avril 2019.<\/span><\/p>\n<p class=\"p3\"><span class=\"s4\"><em>\u00abIl a \u00e9t\u00e9 d\u00e8s lors d\u00e9cid\u00e9 de recourir \u00e0 un premier rassemblement de protestation qui s\u2019est tenu, jeudi dernier, pour r\u00e9clamer une audience avec le wali d\u2019Oran\u00bb<\/em>, poursuit la d\u00e9claration. La Chambre des artisans d\u00e9nonce son <em>\u00abexclusion\u00bb<\/em> et demande <em>\u00abl\u2019ouverture d\u2019un dialogue avec les responsables locaux du secteur et la satisfaction des dol\u00e9ances des artisans\u00bb<\/em> et annonce qu\u2019<em>\u00abun deuxi\u00e8me rassemblement de protestation des artisans de diff\u00e9rents corps de m\u00e9tiers exer\u00e7ant \u00e0 travers la wilaya d\u2019Oran est pr\u00e9vu mardi 23 avril 2019\u00bb<\/em>.<\/span><\/p>\n<p class=\"p3\"><span class=\"s4\">La Chambre de l\u2019artisanat compte pr\u00e8s de 15\u00a0000 adh\u00e9rents activant dans la wilaya d\u2019Oran. <em>\u00abLes artisans r\u00e9clament notamment des locaux pour commercialiser leurs produits, des terrains dans les diff\u00e9rentes zones d\u2019activit\u00e9s et un acc\u00e8s aux march\u00e9s publics\u00bb<\/em>, \u00e9num\u00e8re Ferhat Boukhari, pr\u00e9sident de la Chambre de l\u2019artisanat et des m\u00e9tiers de la wilaya d\u2019Oran dans une d\u00e9claration faite, hier, \u00e0 <em>El Watan<\/em>. <em>\u00abLes artisans sont exclus des march\u00e9s publics, alors qu\u2019ils peuvent largement contribuer au d\u00e9veloppement \u00e9conomique de la wilaya\u00bb<\/em>, d\u00e9nonce M. Boukhari.<\/span><\/p>\n<p class=\"p3\"><span class=\"s4\">Ce dernier demande \u00e9galement aux pouvoirs publics de <em>\u00abmettre \u00e0 la disposition des artisans des espaces d\u2019exposition et de commercialisation et autres ateliers au niveau du boulevard des artisans pr\u00e9vus \u00e0 ha\u00ef El Yasmine en pr\u00e9vision des prochains Jeux m\u00e9diterran\u00e9ens\u00bb<\/em>. La Chambre des artisans a, \u00e0 son actif, plusieurs activit\u00e9s. Elle a d\u00e9j\u00e0 organis\u00e9, en d\u00e9cembre dernier, la 7<sup>e<\/sup> \u00e9dition du Salon national des industries traditionnelles. Pr\u00e8s de 200 artisans, repr\u00e9sentant 35 wilayas de diff\u00e9rentes r\u00e9gions du pays, ont pris part \u00e0 cet \u00e9v\u00e9nement. Ce Salon, qui a eu pour th\u00e9\u00e2tre le Centre de l\u2019artisanat, sis \u00e0 ha\u00ef Essabah, dans la commune de Sidi Chami, a permis aux participants de faire conna\u00eetre et de commercialiser leurs produits.<\/span><\/p>\n<div class=\"yuzo_related_post style-1\" data-version=\"5.12.88\">\n<p><h3>Related Post<\/h3>\n<\/p>\n<div class=\"yuzo_wraps\">\n<div class=\"relatedthumb relatedpost-570273 c11\"><a href=\"https:\/\/www.elwatan.com\/edition\/international\/france-le-monde-pleure-notre-dame-de-paris-16-04-2019\"\/><\/p>\n<p><span class=\"yuzo__text--title c10\">France :\u00a0Le Monde pleure Notre-Dame de Paris<\/span><\/div>\n<div class=\"relatedthumb relatedpost-558546 c11\"><a href=\"https:\/\/www.elwatan.com\/edition\/culture\/hichem-mesbah-comedien-jevolue-assez-bien-autour-de-loeuvre-de-kateb-yacine-16-02-2019\"\/><\/p>\n<p><span class=\"yuzo__text--title c10\">Hichem Mesbah. Com\u00e9dien : \u00abJ\u2019\u00e9volue assez bien aut&#8230;<\/span><\/div>\n<div class=\"relatedthumb relatedpost-567753 c11\"><a href=\"https:\/\/www.elwatan.com\/edition\/actualite\/redouane-boudjemaa-professeur-en-sciences-de-linformation-et-de-la-communication-a-luniversite-dalger-3-et-ancien-journaliste-des-chaines-sont-liees-a-des-reseaux-d-04-04-2019\"\/><\/p>\n<p><span class=\"yuzo__text--title c10\">Redouane Boudjemaa : \u00abDes cha\u00eenes sont li\u00e9es \u00e0 des&#8230;<\/span><\/div>\n<div class=\"relatedthumb relatedpost-554383 c11\"><a href=\"https:\/\/www.elwatan.com\/regions\/kabylie\/bouira\/bouira-un-directeur-de-sonelgaz-interdit-a-des-elus-du-rcd-de-sexprimer-en-kabyle-21-01-2019\"\/><\/p>\n<p><span class=\"yuzo__text--title c10\">Bouira\u00a0: Un directeur de Sonelgaz interdit \u00e0 des \u00e9&#8230;<\/span><\/div>\n<\/div>\n<\/div>\n<p><span class=\"post-views-label\">Post Views:<\/span> <span class=\"post-views-count\">82<\/span><\/p>\n<p>Auteur: Anis Khecheba<br \/>\n<a href=\"https:\/\/www.elwatan.com\/regions\/ouest\/oran\/oran-les-artisans-en-colere-22-04-2019\">Cliquez ici pour lire l&rsquo;article depuis sa source.<\/a><\/p>\n","protected":false},"excerpt":{"rendered":"<p>La Chambre de l\u2019artisanat et des m\u00e9tiers de la wilaya d\u2019Oran annonce qu\u2019un deuxi\u00e8me rassemblement de protestation est pr\u00e9vu ce mardi 23 avril pour d\u00e9noncer \u00abl\u2019exclusion des artisans\u00bb. Dans une d\u00e9claration transmise \u00e0 notre r\u00e9daction, la Chambre de l\u2019artisanat et des m\u00e9tiers de la wilaya d\u2019Oran annonce la tenue d\u2019un deuxi\u00e8me rassemblement de protestation demain [&hellip;]<\/p>\n","protected":false},"author":1743,"featured_media":29383,"comment_status":"closed","ping_status":"closed","sticky":false,"template":"","format":"standard","meta":{"fifu_image_url":"","fifu_image_alt":"","footnotes":""},"categories":[73,53],"tags":[],"class_list":["post-29382","post","type-post","status-publish","format-standard","has-post-thumbnail","hentry","category-actualite","category-algerie"],"_links":{"self":[{"href":"https:\/\/linitiative.ca\/International\/wp-json\/wp\/v2\/posts\/29382","targetHints":{"allow":["GET"]}}],"collection":[{"href":"https:\/\/linitiative.ca\/International\/wp-json\/wp\/v2\/posts"}],"about":[{"href":"https:\/\/linitiative.ca\/International\/wp-json\/wp\/v2\/types\/post"}],"author":[{"embeddable":true,"href":"https:\/\/linitiative.ca\/International\/wp-json\/wp\/v2\/users\/1743"}],"replies":[{"embeddable":true,"href":"https:\/\/linitiative.ca\/International\/wp-json\/wp\/v2\/comments?post=29382"}],"version-history":[{"count":0,"href":"https:\/\/linitiative.ca\/International\/wp-json\/wp\/v2\/posts\/29382\/revisions"}],"wp:featuredmedia":[{"embeddable":true,"href":"https:\/\/linitiative.ca\/International\/wp-json\/"}],"wp:attachment":[{"href":"https:\/\/linitiative.ca\/International\/wp-json\/wp\/v2\/media?parent=29382"}],"wp:term":[{"taxonomy":"category","embeddable":true,"href":"https:\/\/linitiative.ca\/International\/wp-json\/wp\/v2\/categories?post=29382"},{"taxonomy":"post_tag","embeddable":true,"href":"https:\/\/linitiative.ca\/International\/wp-json\/wp\/v2\/tags?post=29382"}],"curies":[{"name":"wp","href":"https:\/\/api.w.org\/{rel}","templated":true}]}}