{"id":29384,"date":"2019-04-22T05:03:20","date_gmt":"2019-04-22T09:03:20","guid":{"rendered":"https:\/\/linitiative.ca\/International\/ouadhias-la-livraison-du-nouvel-hopital-retardee\/"},"modified":"2019-04-22T05:03:20","modified_gmt":"2019-04-22T09:03:20","slug":"ouadhias-la-livraison-du-nouvel-hopital-retardee","status":"publish","type":"post","link":"https:\/\/linitiative.ca\/International\/ouadhias-la-livraison-du-nouvel-hopital-retardee\/","title":{"rendered":"Ouadhias : La livraison du nouvel h\u00f4pital retard\u00e9e"},"content":{"rendered":"<h4 class=\"title-14\"\/>\n<div class=\"featured_image\"><img width=\"800\" height=\"283\" data-cfsrc=\"https:\/\/www.elwatan.com\/wp-content\/uploads\/2019\/04\/Ouadhias.jpg\" class=\"attachment-post-thumbnail size-post-thumbnail wp-post-image c1\" alt=\"\" srcset=\"https:\/\/www.elwatan.com\/wp-content\/uploads\/2019\/04\/Ouadhias.jpg 800w, https:\/\/www.elwatan.com\/wp-content\/uploads\/2019\/04\/Ouadhias-300x106.jpg 300w, https:\/\/www.elwatan.com\/wp-content\/uploads\/2019\/04\/Ouadhias-768x272.jpg 768w\" sizes=\"(max-width: 800px) 100vw, 800px\"\/><noscript><\/p>\n<p><img loading=\"lazy\" decoding=\"async\" width=\"800\" height=\"283\" src=\"https:\/\/www.elwatan.com\/wp-content\/uploads\/2019\/04\/Ouadhias.jpg\" class=\"attachment-post-thumbnail size-post-thumbnail wp-post-image\" alt=\"\" srcset=\"https:\/\/www.elwatan.com\/wp-content\/uploads\/2019\/04\/Ouadhias.jpg 800w, https:\/\/www.elwatan.com\/wp-content\/uploads\/2019\/04\/Ouadhias-300x106.jpg 300w, https:\/\/www.elwatan.com\/wp-content\/uploads\/2019\/04\/Ouadhias-768x272.jpg 768w\" sizes=\"auto, (max-width: 800px) 100vw, 800px\"\/><\/p>\n<p><\/noscript><\/div>\n<p class=\"p3\"><span class=\"s4\"><strong>Lanc\u00e9 en 2014 pour un d\u00e9lai de r\u00e9alisation de 28 mois, le projet d\u2019Etablissement public hospitalier n\u2019est qu\u2019\u00e0 70% d\u2019avancement.<\/strong><\/span><\/p>\n<p class=\"p3\"><span class=\"s5\"><strong>L<\/strong><\/span><span class=\"s4\">e projet d\u2019h\u00f4pital de 60 lits des Ouadhias, au sud de Tizi Ouzou, en construction depuis l\u2019ann\u00e9e 2014, n\u2019a atteint que 70 % d\u2019avancement. Le P\/APC des Ouadhias, Youcef Akir, a d\u00e9clar\u00e9 \u00e0 ce sujet\u00a0: \u00ab<em>Notre EPH ne peut en aucune mani\u00e8re \u00eatre ouvert durant ce mois d\u2019avril car le taux d\u2019avancement des travaux n\u2019est que de 70 %. Si la cadence des travaux s\u2019am\u00e9liore et si l\u2019entreprise renforce ses effectifs, on pourra avec beaucoup de chance de l\u2019inaugurer vers la fin de l\u2019ann\u00e9e.<\/em>\u00bb<\/span><\/p>\n<p class=\"p3\"><span class=\"s4\">A rappeler que l\u2019ex-ministre de la Sant\u00e9, lors de sa derni\u00e8re visite en f\u00e9vrier dernier au niveau de cette structure de sant\u00e9, avait affirm\u00e9 que \u00ab<em>l\u2019EPH des Ouadhias sera r\u00e9ceptionn\u00e9 en avril 2019<\/em>\u00bb. A rappeler \u00e9galement que ce projet d\u2019h\u00f4pital, dot\u00e9 d\u2019un budget de 200 milliards de centimes, devait \u00eatre achev\u00e9 apr\u00e8s un d\u00e9lai initial de 28 mois, mais les arr\u00eats de travail cumul\u00e9s pour des raisons de d\u00e9placement d\u2019une ligne \u00e9lectrique et l\u2019opposition des riverains r\u00e9clamant leur indemnisation, ont significativement retard\u00e9 l\u2019avancement des travaux.<\/span><\/p>\n<p class=\"p3\"><span class=\"s4\">Rappelons aussi que lors de sa derni\u00e8re visite, le ministre s\u2019est engag\u00e9 \u00e0 \u00ab<em>construire un bloc d\u2019h\u00e9modialyse et de proc\u00e9der \u00e0 l\u2019extension de cet h\u00f4pital \u00e0 120 lits<\/em>\u00bb. Pour ce qui est de la polyclinique des Ouadhias, son \u00e9tat est d\u00e9plorable. Le P\/APC a fait savoir que \u00ab<em>la polyclinique des Ouadhias est dans une situation catastrophique. L\u2019\u00e9tanch\u00e9it\u00e9 est \u00e0 refaire, car les infiltrations sont monnaie courante et m\u00eame au niveau de la maternit\u00e9, on d\u00e9place parfois les parturientes en raison de ce d\u00e9sagr\u00e9ment.<\/em><\/span><\/p>\n<p class=\"p3\"><span class=\"s4\"><em>Le r\u00e9seau d\u2019\u00e9vacuation des eaux us\u00e9es doit \u00eatre r\u00e9nov\u00e9 et les sanitaires sont insalubres. Les autorit\u00e9s de wilaya et m\u00eame les ministres qui se sont succ\u00e9d\u00e9 depuis 2014 nous promettent des montants pour sa r\u00e9habilitation, mais \u00e0 ce jour nous n\u2019avons rien vu venir<\/em>\u00bb. Au sujet des deux unit\u00e9s de soins de Tagmount el Djedid et des Ouadhias-village, le maire a indiqu\u00e9\u00a0:\u00a0\u00ab<em>Pour ce qui est de l\u2019unit\u00e9 de Tagmount El Djedid, nous l\u2019avons r\u00e9habilit\u00e9e totalement. Elle est fonctionnelle mais ne prodigue que des soins \u00e9l\u00e9mentaires car ne disposant pas de suffisamment de personnel et de moyens mat\u00e9riels.<\/em><\/span><\/p>\n<p class=\"p3\"><span class=\"s4\"><em>Concernant l\u2019unit\u00e9 de soins des Ouadhias-village, nous avons r\u00e9habilit\u00e9 le logement d\u2019astreinte pour un montant de 3 millions de dinars, ce qui permettra d\u2019installer un m\u00e9decin. Pour la salle de soins, nous avons \u00e9tabli une fiche technique \u00e0 hauteur de 3 millions de dinars pour sa r\u00e9habilitation\u00a0prochaine.<\/em>\u00bb A signaler qu\u2019au niveau des communes d\u2019Agouni Gueghrane, d\u2019At Bouadou et de Tizi N Tl\u00e9ta, les polycliniques sont indispensables. Les dispensaires et unit\u00e9s de soins r\u00e9partis sur quelques villages n\u2019assurent que des soins de base. A A\u00eft Abdelmoum\u00e8ne, dans la commune de Tizi n\u2019Tl\u00e9ta, l\u2019unit\u00e9 de soins est tellement d\u00e9grad\u00e9e et sous-\u00e9quip\u00e9e que les malades ne s\u2019y rendent plus.<\/span><\/p>\n<div class=\"yuzo_related_post style-1\" data-version=\"5.12.88\">\n<p><h3>Related Post<\/h3>\n<\/p>\n<div class=\"yuzo_wraps\">\n<div class=\"relatedthumb relatedpost-555458 c11\"><a href=\"https:\/\/www.elwatan.com\/edition\/culture\/une-concretisation-sur-cinq-ans-28-01-2019\"\/><\/p>\n<p><span class=\"yuzo__text--title c10\">Une concr\u00e9tisation sur cinq ans<\/span><\/div>\n<div class=\"relatedthumb relatedpost-562978 c11\"><a href=\"https:\/\/www.elwatan.com\/edition\/actualite\/tlemcen-cette-terre-nest-pas-a-vendre-10-03-2019\"\/><\/p>\n<p><span class=\"yuzo__text--title c10\">Tlemcen : \u00abCette terre n\u2019est pas \u00e0 vendre\u00a0!\u00bb<\/span><\/div>\n<div class=\"relatedthumb relatedpost-562252 c11\"><a href=\"https:\/\/www.elwatan.com\/edition\/actualite\/dimposantes-marches-attendues-ce-vendredi-06-03-2019\"\/><\/p>\n<p><span class=\"yuzo__text--title c10\">D\u2019imposantes marches attendues ce vendredi<\/span><\/div>\n<div class=\"relatedthumb relatedpost-398564 c11\"><a href=\"https:\/\/www.elwatan.com\/regions\/ouest\/oran\/emigration-clandestine-12-harraga-sont-toujours-portes-disparus-29-12-2018\"\/><\/p>\n<p><span class=\"yuzo__text--title c10\">Emigration clandestine :\u00a012 harraga sont toujours &#8230;<\/span><\/div>\n<\/div>\n<\/div>\n<p><span class=\"post-views-label\">Post Views:<\/span> <span class=\"post-views-count\">262<\/span><\/p>\n<p>Auteur: Anis Khecheba<br \/>\n<a href=\"https:\/\/www.elwatan.com\/regions\/kabylie\/tizi-ouzou\/ouadhias-la-livraison-du-nouvel-hopital-retardee-22-04-2019\">Cliquez ici pour lire l&rsquo;article depuis sa source.<\/a><\/p>\n","protected":false},"excerpt":{"rendered":"<p>Lanc\u00e9 en 2014 pour un d\u00e9lai de r\u00e9alisation de 28 mois, le projet d\u2019Etablissement public hospitalier n\u2019est qu\u2019\u00e0 70% d\u2019avancement. Le projet d\u2019h\u00f4pital de 60 lits des Ouadhias, au sud de Tizi Ouzou, en construction depuis l\u2019ann\u00e9e 2014, n\u2019a atteint que 70 % d\u2019avancement. Le P\/APC des Ouadhias, Youcef Akir, a d\u00e9clar\u00e9 \u00e0 ce sujet\u00a0: [&hellip;]<\/p>\n","protected":false},"author":1743,"featured_media":29385,"comment_status":"closed","ping_status":"closed","sticky":false,"template":"","format":"standard","meta":{"fifu_image_url":"","fifu_image_alt":"","footnotes":""},"categories":[73,53],"tags":[],"class_list":["post-29384","post","type-post","status-publish","format-standard","has-post-thumbnail","hentry","category-actualite","category-algerie"],"_links":{"self":[{"href":"https:\/\/linitiative.ca\/International\/wp-json\/wp\/v2\/posts\/29384","targetHints":{"allow":["GET"]}}],"collection":[{"href":"https:\/\/linitiative.ca\/International\/wp-json\/wp\/v2\/posts"}],"about":[{"href":"https:\/\/linitiative.ca\/International\/wp-json\/wp\/v2\/types\/post"}],"author":[{"embeddable":true,"href":"https:\/\/linitiative.ca\/International\/wp-json\/wp\/v2\/users\/1743"}],"replies":[{"embeddable":true,"href":"https:\/\/linitiative.ca\/International\/wp-json\/wp\/v2\/comments?post=29384"}],"version-history":[{"count":0,"href":"https:\/\/linitiative.ca\/International\/wp-json\/wp\/v2\/posts\/29384\/revisions"}],"wp:featuredmedia":[{"embeddable":true,"href":"https:\/\/linitiative.ca\/International\/wp-json\/"}],"wp:attachment":[{"href":"https:\/\/linitiative.ca\/International\/wp-json\/wp\/v2\/media?parent=29384"}],"wp:term":[{"taxonomy":"category","embeddable":true,"href":"https:\/\/linitiative.ca\/International\/wp-json\/wp\/v2\/categories?post=29384"},{"taxonomy":"post_tag","embeddable":true,"href":"https:\/\/linitiative.ca\/International\/wp-json\/wp\/v2\/tags?post=29384"}],"curies":[{"name":"wp","href":"https:\/\/api.w.org\/{rel}","templated":true}]}}