{"id":29409,"date":"2019-04-22T10:35:20","date_gmt":"2019-04-22T14:35:20","guid":{"rendered":"https:\/\/linitiative.ca\/International\/elle-fait-lactu-nezha-el-ouafi-secretaire-detat-chargee-du-developpement-durable\/"},"modified":"2019-04-22T10:35:20","modified_gmt":"2019-04-22T14:35:20","slug":"elle-fait-lactu-nezha-el-ouafi-secretaire-detat-chargee-du-developpement-durable","status":"publish","type":"post","link":"https:\/\/linitiative.ca\/International\/elle-fait-lactu-nezha-el-ouafi-secretaire-detat-chargee-du-developpement-durable\/","title":{"rendered":"Elle fait l\u2019actu : Nezha El Ouafi, secr\u00e9taire d\u2019Etat charg\u00e9e du D\u00e9veloppement durable"},"content":{"rendered":"<p>La secr\u00e9taire d\u2019Etat charg\u00e9e du D\u00e9veloppement durable, <strong>Nezha El Ouafi<\/strong> a soulign\u00e9 que la journ\u00e9e internationale de la terre c\u00e9l\u00e9br\u00e9e le 22 avril de chaque ann\u00e9e constitue l\u2019occasion de mettre en avant l\u2019importance de la sensibilisation et l\u2019\u00e9ducation dans la mobilisation collective autour des questions environnementales.<\/p>\n<div class=\"c10\"\/>\n<p>S\u2019exprimant lors des journ\u00e9es portes ouvertes organis\u00e9es au profit d\u2019\u00e9l\u00e8ves des \u00e9tablissements scolaires de la capitale en marge de cette journ\u00e9e, El Ouafi a fait savoir que cette initiative vise \u00e0 d\u00e9velopper et \u00e0 promouvoir une culture environnementale aupr\u00e8s de toutes les composantes de la soci\u00e9t\u00e9, en particulier chez les enfants et les jeunes, \u00e0 travers diff\u00e9rents supports notamment audiovisuels, la cr\u00e9ation des clubs \u00e9cologiques, l\u2019am\u00e9nagement d\u2019espaces verts au sein des \u00e9tablissements scolaires et les maison des jeunes, ainsi que le d\u00e9veloppement des comp\u00e9tences des acteurs \u0153uvrant dans ce domaine.<\/p>\n<p>\u00ab\u00a0Les jeunes d\u2019aujourd\u2019hui sont les ambassadeurs de l\u2019environnement \u00e9tant donn\u00e9 leur r\u00f4le actif dans la transmission de la culture environnementale \u00e0 la fois au sein des \u00e9tablissements scolaires et leurs familles\u00a0\u00bb, a-t-elle fait savoir, notant que cette cat\u00e9gorie constitue \u00e9galement la pierre angulaire de tous les programmes de sensibilisation et d\u2019\u00e9ducation au respect de l\u2019environnement men\u00e9s par le d\u00e9partement de tutelle.<\/p>\n<p>Ces journ\u00e9es se veulent aussi l\u2019occasion de se pencher de plus pr\u00e8s sur les diff\u00e9rents programmes et actions du minist\u00e8re, \u00e0 travers un programme riche et vari\u00e9 comprenant plusieurs pr\u00e9sentations et ateliers en coop\u00e9ration avec l\u2019Association des professeurs de sciences de la vie et de la terre et le Forum des jeunes g\u00e9ographes, a-t-elle dit.<\/p>\n<div class=\"c17\">\n<fieldset class=\"c16\">\n<legend><strong><span class=\"c11\">Challenge<\/span><span class=\"c12\">news<\/span><\/strong><\/legend>\n<div class=\"c15\">Le meilleur de la r\u00e9daction s\u00e9lectionn\u00e9 par Challenge :<\/p>\n<\/div>\n<\/fieldset>\n<\/div>\n<p>Auteur: challenge<br \/>\n<a href=\"https:\/\/www.challenge.ma\/elle-fait-lactu-nezha-el-ouafi-secretaire-detat-chargee-du-developpement-durable-108082\/\">Cliquez ici pour lire l&rsquo;article depuis sa source.<\/a><\/p>\n","protected":false},"excerpt":{"rendered":"<p>La secr\u00e9taire d\u2019Etat charg\u00e9e du D\u00e9veloppement durable, Nezha El Ouafi a soulign\u00e9 que la journ\u00e9e internationale de la terre c\u00e9l\u00e9br\u00e9e le 22 avril de chaque ann\u00e9e constitue l\u2019occasion de mettre en avant l\u2019importance de la sensibilisation et l\u2019\u00e9ducation dans la mobilisation collective autour des questions environnementales. S\u2019exprimant lors des journ\u00e9es portes ouvertes organis\u00e9es au profit [&hellip;]<\/p>\n","protected":false},"author":1787,"featured_media":0,"comment_status":"closed","ping_status":"closed","sticky":false,"template":"","format":"standard","meta":{"fifu_image_url":"","fifu_image_alt":"","footnotes":""},"categories":[78,54],"tags":[],"class_list":["post-29409","post","type-post","status-publish","format-standard","hentry","category-economie","category-maroc"],"_links":{"self":[{"href":"https:\/\/linitiative.ca\/International\/wp-json\/wp\/v2\/posts\/29409","targetHints":{"allow":["GET"]}}],"collection":[{"href":"https:\/\/linitiative.ca\/International\/wp-json\/wp\/v2\/posts"}],"about":[{"href":"https:\/\/linitiative.ca\/International\/wp-json\/wp\/v2\/types\/post"}],"author":[{"embeddable":true,"href":"https:\/\/linitiative.ca\/International\/wp-json\/wp\/v2\/users\/1787"}],"replies":[{"embeddable":true,"href":"https:\/\/linitiative.ca\/International\/wp-json\/wp\/v2\/comments?post=29409"}],"version-history":[{"count":0,"href":"https:\/\/linitiative.ca\/International\/wp-json\/wp\/v2\/posts\/29409\/revisions"}],"wp:attachment":[{"href":"https:\/\/linitiative.ca\/International\/wp-json\/wp\/v2\/media?parent=29409"}],"wp:term":[{"taxonomy":"category","embeddable":true,"href":"https:\/\/linitiative.ca\/International\/wp-json\/wp\/v2\/categories?post=29409"},{"taxonomy":"post_tag","embeddable":true,"href":"https:\/\/linitiative.ca\/International\/wp-json\/wp\/v2\/tags?post=29409"}],"curies":[{"name":"wp","href":"https:\/\/api.w.org\/{rel}","templated":true}]}}