{"id":29414,"date":"2019-04-22T13:09:31","date_gmt":"2019-04-22T17:09:31","guid":{"rendered":"https:\/\/linitiative.ca\/International\/agri-analytics-days-lapport-des-technologies-innovantes-aux-petits-exploitants\/"},"modified":"2019-04-22T13:09:31","modified_gmt":"2019-04-22T17:09:31","slug":"agri-analytics-days-lapport-des-technologies-innovantes-aux-petits-exploitants","status":"publish","type":"post","link":"https:\/\/linitiative.ca\/International\/agri-analytics-days-lapport-des-technologies-innovantes-aux-petits-exploitants\/","title":{"rendered":"Agri Analytics days : l\u2019apport des technologies innovantes aux petits exploitants"},"content":{"rendered":"<p>La deuxi\u00e8me \u00e9dition des Agri Analytics days se tiendra, du 23 au 25 avril \u00e0 l\u2019Universit\u00e9 Mohammed VI polytechnique de Ben Gu\u00e9rir. Cette initiative vise \u00e0 apporter des technologies innovantes aux petits exploitants.<\/p>\n<div class=\"c10\"\/>\n<p>Au programme de cet \u00e9v\u00e9nement des conf\u00e9rences ainsi que\u00a0 la participation des agriculteurs d\u2019Afrique et d\u2019Am\u00e9rique latine qui vont pr\u00e9senter leurs projets dont l\u2019objectif est de renforcer le rendement de leurs cultures.<\/p>\n<div class=\"c17\">\n<fieldset class=\"c16\">\n<legend><strong><span class=\"c11\">Challenge<\/span><span class=\"c12\">news<\/span><\/strong><\/legend>\n<div class=\"c15\">Le meilleur de la r\u00e9daction s\u00e9lectionn\u00e9 par Challenge :<\/p>\n<\/div>\n<\/fieldset>\n<\/div>\n<p>Auteur: Hajar DARI<br \/>\n<a href=\"https:\/\/www.challenge.ma\/agri-analytics-days-lapport-des-technologies-innovantes-aux-petits-exploitants-108086\/\">Cliquez ici pour lire l&rsquo;article depuis sa source.<\/a><\/p>\n","protected":false},"excerpt":{"rendered":"<p>La deuxi\u00e8me \u00e9dition des Agri Analytics days se tiendra, du 23 au 25 avril \u00e0 l\u2019Universit\u00e9 Mohammed VI polytechnique de Ben Gu\u00e9rir. Cette initiative vise \u00e0 apporter des technologies innovantes aux petits exploitants. Au programme de cet \u00e9v\u00e9nement des conf\u00e9rences ainsi que\u00a0 la participation des agriculteurs d\u2019Afrique et d\u2019Am\u00e9rique latine qui vont pr\u00e9senter leurs projets [&hellip;]<\/p>\n","protected":false},"author":1787,"featured_media":0,"comment_status":"closed","ping_status":"closed","sticky":false,"template":"","format":"standard","meta":{"fifu_image_url":"","fifu_image_alt":"","footnotes":""},"categories":[78,54],"tags":[],"class_list":["post-29414","post","type-post","status-publish","format-standard","hentry","category-economie","category-maroc"],"_links":{"self":[{"href":"https:\/\/linitiative.ca\/International\/wp-json\/wp\/v2\/posts\/29414","targetHints":{"allow":["GET"]}}],"collection":[{"href":"https:\/\/linitiative.ca\/International\/wp-json\/wp\/v2\/posts"}],"about":[{"href":"https:\/\/linitiative.ca\/International\/wp-json\/wp\/v2\/types\/post"}],"author":[{"embeddable":true,"href":"https:\/\/linitiative.ca\/International\/wp-json\/wp\/v2\/users\/1787"}],"replies":[{"embeddable":true,"href":"https:\/\/linitiative.ca\/International\/wp-json\/wp\/v2\/comments?post=29414"}],"version-history":[{"count":0,"href":"https:\/\/linitiative.ca\/International\/wp-json\/wp\/v2\/posts\/29414\/revisions"}],"wp:attachment":[{"href":"https:\/\/linitiative.ca\/International\/wp-json\/wp\/v2\/media?parent=29414"}],"wp:term":[{"taxonomy":"category","embeddable":true,"href":"https:\/\/linitiative.ca\/International\/wp-json\/wp\/v2\/categories?post=29414"},{"taxonomy":"post_tag","embeddable":true,"href":"https:\/\/linitiative.ca\/International\/wp-json\/wp\/v2\/tags?post=29414"}],"curies":[{"name":"wp","href":"https:\/\/api.w.org\/{rel}","templated":true}]}}