{"id":29419,"date":"2019-04-22T17:05:41","date_gmt":"2019-04-22T21:05:41","guid":{"rendered":"https:\/\/linitiative.ca\/International\/tunisie-marzouki-base-sa-campagne-electorale-sur-sa-crainte-de-la-falsification-des-resultats-des-elections\/"},"modified":"2019-04-22T17:05:41","modified_gmt":"2019-04-22T21:05:41","slug":"tunisie-marzouki-base-sa-campagne-electorale-sur-sa-crainte-de-la-falsification-des-resultats-des-elections","status":"publish","type":"post","link":"https:\/\/linitiative.ca\/International\/tunisie-marzouki-base-sa-campagne-electorale-sur-sa-crainte-de-la-falsification-des-resultats-des-elections\/","title":{"rendered":"Tunisie \u2013 Marzouki base sa campagne \u00e9lectorale sur sa \u00ab\u00a0crainte de la falsification\u00a0\u00bb des r\u00e9sultats des \u00e9lections"},"content":{"rendered":"<div class=\"post-cont-in left relative\">\n<div class=\"nc_socialPanel swp_flatFresh swp_d_fullColor swp_i_fullColor swp_o_fullColor scale-100 scale-fullWidth\" data-position=\"none\" data-float=\"floatNone\" data-count=\"5\" data-floatcolor=\"#ffffff\" data-emphasize=\"0\">\n<div class=\"nc_tweetContainer totes totesalt\" data-id=\"6\"><span class=\"swp_count\"><span class=\"swp_label\">Partages<\/span> 0<\/span><\/div>\n<\/div>\n<p>L\u2019ex-pr\u00e9sident provisoire de la R\u00e9publique Moncef Marzouki a r\u00e9it\u00e9r\u00e9, hier dimanche, an marge du congr\u00e8s de son parti \u00e0 Bizerte, sa crainte par rapport a une tr\u00e8s probable falsification des prochaines \u00e9lections. Exactement comme cela s\u2019est pass\u00e9 en 2014, a-t-il ajout\u00e9, affirmant que sa plainte \u00e0 ce sujet n\u2019a, toujours, pas \u00e9t\u00e9 examin\u00e9e par la justice.<\/p>\n<p>Avec cette fixation sur les r\u00e9sultats des \u00e9lections et les accusations pr\u00e9matur\u00e9es et infond\u00e9es de falsification des r\u00e9sultats, Marzouki est, comme \u00e0 son accoutum\u00e9e, en train d\u2019attiser la haine et de diviser les tunisiens. Puisqu\u2019il a assur\u00e9, \u00e0 cette occasion, que la partie se d\u00e9roule, maintenant, entre les partis d\u00e9mocrates et lib\u00e9raux qui respectent la r\u00e9volution et la constitution qui en a d\u00e9coul\u00e9, et les partis \u00ab\u00a0minoritaires\u00a0\u00bb issus de l\u2019ancien RCD, au financement louche, et qui cherchent \u00e0 faire revenir l\u2019ancien r\u00e9gime.<\/p>\n<div class=\"code-block code-block-1 c3\"><ins class=\"adsbygoogle c2\" data-ad-layout=\"in-article\" data-ad-format=\"fluid\" data-ad-client=\"ca-pub-2102118777505746\" data-ad-slot=\"7301775417\"\/> <\/div>\n<p>Un discours qui n\u2019arrive pas \u00e0 cacher l\u2019absence de vrai programme de ce courant et qui monte toute sa strat\u00e9gie \u00e9lectorale sur la cr\u00e9ation d\u2019une hantise et d\u2019une peur chez les citoyens du retour de l\u2019ancien r\u00e9gime. Une strat\u00e9gie qui risque d\u2019enflammer le pays, juste apr\u00e8s les \u00e9lections, car il semble que Marzouki va tout faire pour \u00ab\u00a0g\u00e2cher la f\u00eate\u00a0\u00bb et contester les r\u00e9sultats, au risque de faire plonger, une partie du pays dans le chaos total, pour servir ses int\u00e9r\u00eats et ses r\u00eaves de retourner \u00e0 Carthage.<\/p>\n<div class=\"mvp-org-wrap mvp-org-logo\" itemprop=\"publisher\" itemscope=\"\" itemtype=\"https:\/\/schema.org\/Organization\"><img decoding=\"async\" src=\"https:\/\/www.tunisienumerique.com\/wp-content\/uploads\/2017\/02\/logo_tunisie_numerique.png\"\/><\/div>\n<div class=\"nc_socialPanel swp_flatFresh swp_d_fullColor swp_i_fullColor swp_o_fullColor scale-100 scale-fullWidth\" data-position=\"none\" data-float=\"floatNone\" data-count=\"5\" data-floatcolor=\"#ffffff\" data-emphasize=\"0\">\n<div class=\"nc_tweetContainer totes totesalt\" data-id=\"6\"><span class=\"swp_count\"><span class=\"swp_label\">Partages<\/span> 0<\/span><\/div>\n<\/div>\n<div class=\"mvp-related-posts left relative\">\n<h4 class=\"post-header\"><span class=\"post-header\">Lire aussi<\/span><\/h4>\n<\/div>\n<\/div>\n<p>Auteur: LM<br \/>\n<a href=\"https:\/\/www.tunisienumerique.com\/tunisie-marzouki-base-sa-campagne-electorale-sur-sa-crainte-de-la-falsification-des-resultats-des-elections\/\">Cliquez ici pour lire l&rsquo;article depuis sa source.<\/a><\/p>\n","protected":false},"excerpt":{"rendered":"<p>Partages 0 L\u2019ex-pr\u00e9sident provisoire de la R\u00e9publique Moncef Marzouki a r\u00e9it\u00e9r\u00e9, hier dimanche, an marge du congr\u00e8s de son parti \u00e0 Bizerte, sa crainte par rapport a une tr\u00e8s probable falsification des prochaines \u00e9lections. Exactement comme cela s\u2019est pass\u00e9 en 2014, a-t-il ajout\u00e9, affirmant que sa plainte \u00e0 ce sujet n\u2019a, toujours, pas \u00e9t\u00e9 examin\u00e9e [&hellip;]<\/p>\n","protected":false},"author":1789,"featured_media":29420,"comment_status":"closed","ping_status":"closed","sticky":false,"template":"","format":"standard","meta":{"fifu_image_url":"","fifu_image_alt":"","footnotes":""},"categories":[73,55],"tags":[],"class_list":["post-29419","post","type-post","status-publish","format-standard","has-post-thumbnail","hentry","category-actualite","category-tunisie"],"_links":{"self":[{"href":"https:\/\/linitiative.ca\/International\/wp-json\/wp\/v2\/posts\/29419","targetHints":{"allow":["GET"]}}],"collection":[{"href":"https:\/\/linitiative.ca\/International\/wp-json\/wp\/v2\/posts"}],"about":[{"href":"https:\/\/linitiative.ca\/International\/wp-json\/wp\/v2\/types\/post"}],"author":[{"embeddable":true,"href":"https:\/\/linitiative.ca\/International\/wp-json\/wp\/v2\/users\/1789"}],"replies":[{"embeddable":true,"href":"https:\/\/linitiative.ca\/International\/wp-json\/wp\/v2\/comments?post=29419"}],"version-history":[{"count":0,"href":"https:\/\/linitiative.ca\/International\/wp-json\/wp\/v2\/posts\/29419\/revisions"}],"wp:featuredmedia":[{"embeddable":true,"href":"https:\/\/linitiative.ca\/International\/wp-json\/"}],"wp:attachment":[{"href":"https:\/\/linitiative.ca\/International\/wp-json\/wp\/v2\/media?parent=29419"}],"wp:term":[{"taxonomy":"category","embeddable":true,"href":"https:\/\/linitiative.ca\/International\/wp-json\/wp\/v2\/categories?post=29419"},{"taxonomy":"post_tag","embeddable":true,"href":"https:\/\/linitiative.ca\/International\/wp-json\/wp\/v2\/tags?post=29419"}],"curies":[{"name":"wp","href":"https:\/\/api.w.org\/{rel}","templated":true}]}}