{"id":29429,"date":"2019-04-22T17:06:40","date_gmt":"2019-04-22T21:06:40","guid":{"rendered":"https:\/\/linitiative.ca\/International\/ebullition-du-front-social-personne-ne-sortira-indemne-si-le-pays-sombre\/"},"modified":"2019-04-22T17:06:40","modified_gmt":"2019-04-22T21:06:40","slug":"ebullition-du-front-social-personne-ne-sortira-indemne-si-le-pays-sombre","status":"publish","type":"post","link":"https:\/\/linitiative.ca\/International\/ebullition-du-front-social-personne-ne-sortira-indemne-si-le-pays-sombre\/","title":{"rendered":"EBULLITION DU FRONT SOCIAL. : Personne ne sortira indemne si le pays sombre"},"content":{"rendered":"<p><img decoding=\"async\" class=\"post_layout_5_img\" src=\"http:\/\/lepays.bf\/wp-content\/uploads\/2019\/04\/ROCK.jpg\" alt=\"EBULLITION DU FRONT SOCIAL. : Personne ne sortira indemne si le pays sombre\"\/><\/p>\n<p class=\"c4\"><em>Il nous est revenu que les conclusions des travaux sur la remise \u00e0 plat des salaires des fonctionnaires, seront bient\u00f4t rendues publiques et \u00e0 ce qu\u2019on dit, les r\u00e9sultats permettront de ramener un tant soit peu la s\u00e9r\u00e9nit\u00e9 dans notre Administration publique. Si cela se confirme, ce sera un ouf de soulagement pour tous les usagers qui souffrent \u00e9norm\u00e9ment de la prise d\u2019otage en cours de notre Administration publique par des fonctionnaires qui font de plus en plus preuve d\u2019une incroyable inventivit\u00e9, en abandonnant momentan\u00e9ment la gr\u00e8ve comme moyen favori de d\u00e9fense de leurs int\u00e9r\u00eats corporatistes, pour adopter de nouvelles strat\u00e9gies de lutte en s\u2019illustrant par le ralentissement et le blocage dans le service public, en toute impunit\u00e9, puisqu\u2019ils ne subissent pas de retenue de salaire. Cette cat\u00e9gorie d\u2019agents publics entend ainsi protester contre le mutisme pour ne pas dire l\u2019indiff\u00e9rence du gouvernement face \u00e0 ses besoins existentiels, et refuse ipso facto et en dehors des cadres syndicaux habituels, d\u2019\u00eatre cantonn\u00e9e \u00e0 un r\u00f4le d\u2019observateur passif de l\u2019ex\u00e9cution de la loi de finance qualifi\u00e9e de sc\u00e9l\u00e9rate parce qu\u2019elle \u00e9rode pour ainsi dire, les faramineux avantages financiers dont ils b\u00e9n\u00e9ficiaient du fait de la \u2018\u2019sp\u00e9cificit\u00e9\u2019\u2019 de leur corps ou de leur emploi. Vous l\u2019avez bien compris, nous parlons l\u00e0 des agents du minist\u00e8re de l\u2019Economie, des finances et du d\u00e9veloppement (MINEFID) qui ont sorti le sabre depuis que leurs ministres, Amina Bila sous la Transition et surtout Rosine Coulibaly pass\u00e9e \u00e0 la trappe lors du dernier remaniement, ont fait preuve d\u2019indiscr\u00e9tion par rapport \u00e0 leur fameux fonds commun et aux accords \u2018\u2019mouta mouta\u2019\u2019 que les r\u00e9gimes successifs ont sign\u00e9s avec leurs syndicats. On peut bien comprendre que ces agents du MINEFID s\u2019offusquent aujourd\u2019hui du r\u00e9trop\u00e9dalage du gouvernement qui, \u00e0 leurs yeux, n\u2019est pas seulement fonci\u00e8rement injuste, mais est aussi nuisible pour une Fonction publique de qualit\u00e9.<\/em><\/p>\n<p><strong>Il y a v\u00e9ritablement p\u00e9ril en la demeure<\/strong><\/p>\n<p class=\"c4\"><em>Ils oublient malheureusement qu\u2019ils ont conclu ces accords avec des politiciens qui sont \u00ab des gens dont l&rsquo;unique et v\u00e9ritable conviction est l&rsquo;absence de conviction, associ\u00e9e \u00e0 une insolence importune et \u00e0 un art \u00e9hont\u00e9 du mensonge\u00bb, pour reprendre les propos de Adolf Hitler. Cons\u00e9quence, ils sont aujourd\u2019hui plut\u00f4t surpris du retournement de situation, et particuli\u00e8rement agac\u00e9s par les critiques acerbes formul\u00e9es \u00e0 leur encontre par une opinion publique qui r\u00e9pond beno\u00eetement aux appels de d\u00e9tresse lanc\u00e9s par le gouvernement, pour d\u00e9cr\u00e9dibiliser, pour ne pas dire criminaliser \u00ab la lutte politique \u00bb que m\u00e8neraient ces agents du MINEFID. Disons-le tout net, la position jusqu\u2019au-boutiste de ces derniers est intenable m\u00eame \u00e0 court terme, malgr\u00e9 le profil bas affich\u00e9 par leur nouveau ministre depuis sa prise de fonction, puisque le Burkina Faso a d\u2019autres d\u00e9fis bien plus importants \u00e0 relever, comme la sauvegarde de l\u2019int\u00e9grit\u00e9 territoriale et de la coh\u00e9sion sociale. Tous les Burkinab\u00e8, y compris les travailleurs du public comme du priv\u00e9, doivent comprendre qu\u2019il y a v\u00e9ritablement p\u00e9ril en la demeure, et se serrer les coudes malgr\u00e9 les peines souvent justifi\u00e9es et les frustrations diverses, afin de sauver la maison commune plus que jamais menac\u00e9e d\u2019effondrement. Au lieu de cela, les syndicats, surtout dans le secteur public, profitent de la faiblesse de l\u2019autorit\u00e9 de l\u2019Etat et de l\u2019effet de libert\u00e9 ou de libertinage induit de l\u2019insurrection populaire, exploitent \u00e0 leurs comptes l\u2019injustice entre cat\u00e9gories de fonctionnaires et la versatilit\u00e9 des membres du gouvernement, pour faire feu de tout bois, avec des revendications paroxystiques et donc irr\u00e9alistes dans ce contexte o\u00f9 le pays tout entier est au bord de l\u2019ab\u00eeme, s\u2019il n\u2019y est pas d\u00e9j\u00e0. On peut d\u2019ailleurs se demander comment des agents publics, conscients du fait que leurs mouvements de gr\u00e8ve auront fatalement du plomb dans l\u2019aile puisqu\u2019ils vont contribuer \u00e0 la ruine \u00e9conomique et sociale de notre pays dans ce contexte plus que difficile, peuvent \u00eatre aussi masochistes en sciant en toute connaissance de cause, la branche sur laquelle ils sont assis. Il faut peut-\u00eatre aller chercher la r\u00e9ponse dans l\u2019all\u00e9gorie du l\u00e9preux qui ne peut plus traire la vache, mais qui, par d\u00e9pit, est prompt \u00e0 renverser la calebasse afin que le pr\u00e9cieux liquide ne profite \u00e0 personne. Ils semblent avoir opt\u00e9 pour le suicide collectif, surtout qu\u2019ils ont en face d\u2019eux des interlocuteurs ploutocrates qui se gobergent au caviar et au champagne, des politiciens de carri\u00e8re gloutons et insatiables, qui n\u2019h\u00e9sitent pas \u00e0 prendre des libert\u00e9s avec les finances publiques malgr\u00e9 les immenses d\u00e9fis auxquels nous sommes actuellement confront\u00e9s. Sous cet angle, les financiers du MINEFID ont parfaitement raison. Au demeurant, le microbe ne se d\u00e9veloppe qu\u2019en terrain favorable et il est de notori\u00e9t\u00e9 publique que le bon exemple doit toujours venir d\u2019en haut. Le comble, c\u2019est que tout cela se passe sous l\u2019\u0153il, le nez et la moustache de nos comptables publics avachis par la perte brusque de 75% de leurs\u2026droits acquis. Comparaison n\u2019est pas raison, mais rappelons que (m\u00eame si on \u00e9tait alors dans un Etat d\u2019exception) le gouvernement r\u00e9volutionnaire de Thomas Sankara avait d\u00e9cid\u00e9, au lendemain de la guerre contre le Mali, en 1985, d\u2019instaurer des pr\u00e9l\u00e8vements de 7 \u00e0 10% sur les salaires de base et de 50% sur toutes les indemnit\u00e9s sans qu\u2019il n\u2019y ait eu de voix discordantes. La pilule, quoique am\u00e8re, avait \u00e9t\u00e9 aval\u00e9e pas seulement \u00e0 cause de la peur qu\u2019inspirait le pouvoir de l\u2019\u00e9poque, mais surtout \u00e0 cause de l\u2019int\u00e9grit\u00e9 et de l\u2019exemplarit\u00e9 du Capitaine. Esp\u00e9rons que le gouvernement actuel s\u2019en inspirera, surtout qu\u2019il est majoritairement compos\u00e9 de sankaristes dans l\u2019\u00e2me ou de circonstance, et qu\u2019on verra bient\u00f4t le d\u00e9but du commencement de cette cure d\u2019aust\u00e9rit\u00e9 g\u00e9n\u00e9rale avec la remise \u00e0 plat annonc\u00e9e des salaires.<\/em><\/p>\n<p class=\"c4\"><strong><em>Sidzabda<\/em><\/strong><\/p>\n<p>Auteur: Le Pays<br \/>\n<a href=\"http:\/\/lepays.bf\/ebullition-du-front-social-personne-ne-sortira-indemne-si-le-pays-sombre\/\">Cliquez ici pour lire l&rsquo;article depuis sa source.<\/a><\/p>\n","protected":false},"excerpt":{"rendered":"<p>Il nous est revenu que les conclusions des travaux sur la remise \u00e0 plat des salaires des fonctionnaires, seront bient\u00f4t rendues publiques et \u00e0 ce qu\u2019on dit, les r\u00e9sultats permettront de ramener un tant soit peu la s\u00e9r\u00e9nit\u00e9 dans notre Administration publique. Si cela se confirme, ce sera un ouf de soulagement pour tous les [&hellip;]<\/p>\n","protected":false},"author":1813,"featured_media":29430,"comment_status":"closed","ping_status":"closed","sticky":false,"template":"","format":"standard","meta":{"fifu_image_url":"","fifu_image_alt":"","footnotes":""},"categories":[73,81],"tags":[],"class_list":["post-29429","post","type-post","status-publish","format-standard","has-post-thumbnail","hentry","category-actualite","category-burkina-faso"],"_links":{"self":[{"href":"https:\/\/linitiative.ca\/International\/wp-json\/wp\/v2\/posts\/29429","targetHints":{"allow":["GET"]}}],"collection":[{"href":"https:\/\/linitiative.ca\/International\/wp-json\/wp\/v2\/posts"}],"about":[{"href":"https:\/\/linitiative.ca\/International\/wp-json\/wp\/v2\/types\/post"}],"author":[{"embeddable":true,"href":"https:\/\/linitiative.ca\/International\/wp-json\/wp\/v2\/users\/1813"}],"replies":[{"embeddable":true,"href":"https:\/\/linitiative.ca\/International\/wp-json\/wp\/v2\/comments?post=29429"}],"version-history":[{"count":0,"href":"https:\/\/linitiative.ca\/International\/wp-json\/wp\/v2\/posts\/29429\/revisions"}],"wp:featuredmedia":[{"embeddable":true,"href":"https:\/\/linitiative.ca\/International\/wp-json\/"}],"wp:attachment":[{"href":"https:\/\/linitiative.ca\/International\/wp-json\/wp\/v2\/media?parent=29429"}],"wp:term":[{"taxonomy":"category","embeddable":true,"href":"https:\/\/linitiative.ca\/International\/wp-json\/wp\/v2\/categories?post=29429"},{"taxonomy":"post_tag","embeddable":true,"href":"https:\/\/linitiative.ca\/International\/wp-json\/wp\/v2\/tags?post=29429"}],"curies":[{"name":"wp","href":"https:\/\/api.w.org\/{rel}","templated":true}]}}