{"id":29436,"date":"2019-04-22T17:01:51","date_gmt":"2019-04-22T21:01:51","guid":{"rendered":"https:\/\/linitiative.ca\/International\/egalite-hommes-femmes\/"},"modified":"2019-04-22T17:01:51","modified_gmt":"2019-04-22T21:01:51","slug":"egalite-hommes-femmes","status":"publish","type":"post","link":"https:\/\/linitiative.ca\/International\/egalite-hommes-femmes\/","title":{"rendered":"Egalit\u00e9 hommes-femmes"},"content":{"rendered":"<div class=\"td-post-featured-image\"><a href=\"https:\/\/i2.wp.com\/www.sidwaya.info\/wp-content\/uploads\/2019\/04\/homfem.jpg?fit=974%2C650&#038;ssl=1\" data-caption=\"\"><img loading=\"lazy\" decoding=\"async\" width=\"696\" height=\"464\" class=\"entry-thumb td-modal-image\" src=\"https:\/\/i2.wp.com\/www.sidwaya.info\/wp-content\/uploads\/2019\/04\/homfem.jpg?resize=696%2C464&#038;ssl=1\" srcset=\"https:\/\/i2.wp.com\/www.sidwaya.info\/wp-content\/uploads\/2019\/04\/homfem.jpg?w=974&#038;ssl=1 974w, https:\/\/i2.wp.com\/www.sidwaya.info\/wp-content\/uploads\/2019\/04\/homfem.jpg?resize=300%2C200&#038;ssl=1 300w, https:\/\/i2.wp.com\/www.sidwaya.info\/wp-content\/uploads\/2019\/04\/homfem.jpg?resize=768%2C513&#038;ssl=1 768w, https:\/\/i2.wp.com\/www.sidwaya.info\/wp-content\/uploads\/2019\/04\/homfem.jpg?resize=696%2C464&#038;ssl=1 696w, https:\/\/i2.wp.com\/www.sidwaya.info\/wp-content\/uploads\/2019\/04\/homfem.jpg?resize=629%2C420&#038;ssl=1 629w\" sizes=\"auto, (max-width: 696px) 100vw, 696px\" alt=\"\" title=\"homfem\"\/><\/a><\/div>\n<div class=\"td-a-rec td-a-rec-id-content_top td_uid_30_5cbe35ba6bc41_rand td_block_template_1\"><img loading=\"lazy\" decoding=\"async\" class=\"aligncenter size-full wp-image-4463\" src=\"https:\/\/www.sidwaya.info\/wp-content\/uploads\/2019\/02\/FESPACO-TOUR-2019-Bannie%CC%80re-728x90-1.jpg\" alt=\"\" width=\"728\" height=\"90\"\/><\/div>\n<p><strong>Le Pr\u00e9sident du Faso, Roch Marc Christian Kabor\u00e9, a re\u00e7u en audience, le vendredi 19 avril 2019, la secr\u00e9taire d\u2019Etat fran\u00e7ais charg\u00e9e de l\u2019\u00e9galit\u00e9 entre les femmes et les hommes et de la lutte contre les discriminations, Marl\u00e8ne Schiappa. Les questions de l\u2019\u00e9galit\u00e9 genre ont meubl\u00e9 les \u00e9changes.<\/strong><\/p>\n<p>Le Burkina Faso n\u2019est pas seul dans sa lutte contre les in\u00e9galit\u00e9s li\u00e9es au genre. Il a le soutien du G7. Le vendredi 19 avril 2019, la secr\u00e9taire d\u2019Etat fran\u00e7ais charg\u00e9e de l\u2019\u00e9galit\u00e9 entre les femmes et les hommes et de la lutte contre les discriminations, est venue le dire de vive voix au pr\u00e9sident du Faso, lors de l\u2019audience \u00e0 elle accord\u00e9e. Cette ann\u00e9e, la France pr\u00e9side le G7. Donc, elle a dit placer l\u2019\u00e9galit\u00e9 hommes-femmes parmi ses priorit\u00e9s. \u00abJ\u2019ai eu l\u2019opportunit\u00e9 d\u2019\u00e9changer avec le pr\u00e9sident Roch Marc Christian Kabor\u00e9 sur les questions de protection des jeunes filles et des femmes qui font face aux mutilations g\u00e9nitales f\u00e9minines, aux mariages forc\u00e9s. Cette ann\u00e9e, nous avons voulu ouvrir le G7 \u00e0 d\u2019autres pays, surtout ceux de la r\u00e9gion du Sahel. Donc, le Burkina fera partie<br \/>des travaux du G7\u00bb, a-t-elle dit. Elle a ajout\u00e9\u00a0: \u00abAvec la ministre en charge de la femme, nous avons eu la chance de travailler ensemble \u00e0 l\u2019ONU, lors de la convention annuelle des droits des femmes pour parler de l\u2019engagement du Burkina pour mieux prot\u00e9ger les femmes\u00bb. C\u2019est pourquoi, a-t-elle confirm\u00e9, elle est venue soutenir les efforts du pays des Hommes int\u00e8gres pour \u00abce qui est d\u00e9j\u00e0 fait\u00bb. \u00abNous venons humblement dans une d\u00e9marche qui peut se mat\u00e9rialiser par le soutien aux plaidoyers, \u00e0 la p\u00e9dagogie, surtout vis-\u00e0-vis des ONG sur le plan financier\u00bb, a affirm\u00e9 Mme Schiappa. Le pr\u00e9sident fran\u00e7ais, Emmanuel Macron, a lanc\u00e9 un fonds de soutien aux ONG qui \u0153uvrent pour l\u2019\u00e9galit\u00e9 homme-femme d\u2019un montant de 120 millions d\u2019euros (ndlr\u00a0: plus de 70 milliards F CFA), a-t-elle confi\u00e9. \u00abEn France, il y a 60 000 filles et femmes qui vivent excis\u00e9es. Pour nous, c\u2019est insupportable de savoir que sur la plan\u00e8te il y a des filles ou femmes qui vivent avec cette mutilation. Nous devons travailler main dans la main pour pr\u00e9senter en France un plan antiexcision qui se basera sur le travail men\u00e9 dans les pays du monde\u00bb, a souhait\u00e9 Marl\u00e8ne Schiappa.<\/p>\n<p>Abdel Aziz NABALOUM<br \/>emirathe@yahoo.fr<\/p>\n<div class=\"td-a-rec td-a-rec-id-content_bottom td_uid_31_5cbe35ba6beaa_rand td_block_template_1\"><img loading=\"lazy\" decoding=\"async\" class=\"alignright size-full wp-image-1724\" src=\"https:\/\/www.sidwaya.info\/wp-content\/uploads\/2018\/12\/sidwaya-pub.jpg\" alt=\"\" width=\"720\" height=\"90\"\/><\/div>\n<p>Auteur: BM. Sidwaya<br \/>\n<a href=\"https:\/\/www.sidwaya.info\/blog\/2019\/04\/22\/egalite-hommes-femmes\/\">Cliquez ici pour lire l&rsquo;article depuis sa source.<\/a><\/p>\n","protected":false},"excerpt":{"rendered":"<p>Le Pr\u00e9sident du Faso, Roch Marc Christian Kabor\u00e9, a re\u00e7u en audience, le vendredi 19 avril 2019, la secr\u00e9taire d\u2019Etat fran\u00e7ais charg\u00e9e de l\u2019\u00e9galit\u00e9 entre les femmes et les hommes et de la lutte contre les discriminations, Marl\u00e8ne Schiappa. Les questions de l\u2019\u00e9galit\u00e9 genre ont meubl\u00e9 les \u00e9changes. Le Burkina Faso n\u2019est pas seul dans [&hellip;]<\/p>\n","protected":false},"author":1816,"featured_media":0,"comment_status":"closed","ping_status":"closed","sticky":false,"template":"","format":"standard","meta":{"fifu_image_url":"","fifu_image_alt":"","footnotes":""},"categories":[73,81],"tags":[],"class_list":["post-29436","post","type-post","status-publish","format-standard","hentry","category-actualite","category-burkina-faso"],"_links":{"self":[{"href":"https:\/\/linitiative.ca\/International\/wp-json\/wp\/v2\/posts\/29436","targetHints":{"allow":["GET"]}}],"collection":[{"href":"https:\/\/linitiative.ca\/International\/wp-json\/wp\/v2\/posts"}],"about":[{"href":"https:\/\/linitiative.ca\/International\/wp-json\/wp\/v2\/types\/post"}],"author":[{"embeddable":true,"href":"https:\/\/linitiative.ca\/International\/wp-json\/wp\/v2\/users\/1816"}],"replies":[{"embeddable":true,"href":"https:\/\/linitiative.ca\/International\/wp-json\/wp\/v2\/comments?post=29436"}],"version-history":[{"count":0,"href":"https:\/\/linitiative.ca\/International\/wp-json\/wp\/v2\/posts\/29436\/revisions"}],"wp:attachment":[{"href":"https:\/\/linitiative.ca\/International\/wp-json\/wp\/v2\/media?parent=29436"}],"wp:term":[{"taxonomy":"category","embeddable":true,"href":"https:\/\/linitiative.ca\/International\/wp-json\/wp\/v2\/categories?post=29436"},{"taxonomy":"post_tag","embeddable":true,"href":"https:\/\/linitiative.ca\/International\/wp-json\/wp\/v2\/tags?post=29436"}],"curies":[{"name":"wp","href":"https:\/\/api.w.org\/{rel}","templated":true}]}}