{"id":29437,"date":"2019-04-22T17:05:18","date_gmt":"2019-04-22T21:05:18","guid":{"rendered":"https:\/\/linitiative.ca\/International\/reflexions-autour-de-la-justice-transitionnelle\/"},"modified":"2019-04-22T17:05:18","modified_gmt":"2019-04-22T21:05:18","slug":"reflexions-autour-de-la-justice-transitionnelle","status":"publish","type":"post","link":"https:\/\/linitiative.ca\/International\/reflexions-autour-de-la-justice-transitionnelle\/","title":{"rendered":"R\u00e9flexions autour  de la justice transitionnelle"},"content":{"rendered":"<div class=\"td-post-featured-image\"><a href=\"https:\/\/i1.wp.com\/www.sidwaya.info\/wp-content\/uploads\/2019\/04\/justice.jpg?fit=974%2C650&#038;ssl=1\" data-caption=\"\"><img loading=\"lazy\" decoding=\"async\" width=\"696\" height=\"464\" class=\"entry-thumb td-modal-image\" src=\"https:\/\/i1.wp.com\/www.sidwaya.info\/wp-content\/uploads\/2019\/04\/justice.jpg?resize=696%2C464&#038;ssl=1\" srcset=\"https:\/\/i1.wp.com\/www.sidwaya.info\/wp-content\/uploads\/2019\/04\/justice.jpg?w=974&#038;ssl=1 974w, https:\/\/i1.wp.com\/www.sidwaya.info\/wp-content\/uploads\/2019\/04\/justice.jpg?resize=300%2C200&#038;ssl=1 300w, https:\/\/i1.wp.com\/www.sidwaya.info\/wp-content\/uploads\/2019\/04\/justice.jpg?resize=768%2C513&#038;ssl=1 768w, https:\/\/i1.wp.com\/www.sidwaya.info\/wp-content\/uploads\/2019\/04\/justice.jpg?resize=696%2C464&#038;ssl=1 696w, https:\/\/i1.wp.com\/www.sidwaya.info\/wp-content\/uploads\/2019\/04\/justice.jpg?resize=629%2C420&#038;ssl=1 629w\" sizes=\"auto, (max-width: 696px) 100vw, 696px\" alt=\"\" title=\"justice\"\/><\/a><\/div>\n<div class=\"td-a-rec td-a-rec-id-content_top td_uid_30_5cbe35bda49f6_rand td_block_template_1\"><img loading=\"lazy\" decoding=\"async\" class=\"aligncenter size-full wp-image-4463\" src=\"https:\/\/www.sidwaya.info\/wp-content\/uploads\/2019\/02\/FESPACO-TOUR-2019-Bannie%CC%80re-728x90-1.jpg\" alt=\"\" width=\"728\" height=\"90\"\/><\/div>\n<p><strong>Le Haut conseil pour la r\u00e9conciliation et l\u2019unit\u00e9 nationale (HCRUN) et le gouvernement ont, au cours d\u2019un s\u00e9minaire gouvernemental, tenu le vendredi 19 avril 2019 \u00e0 Ouagadougou, d\u00e9cid\u00e9 de la mise en \u0153uvre d\u2019une justice transitionnelle dans le processus de paix et de coh\u00e9sion sociale.<\/strong><\/p>\n<p>Le gouvernement et le Haut conseil pour la r\u00e9conciliation et l\u2019unit\u00e9 nationale (HCRUN) misent sur la justice transitionnelle pour panser les c\u0153urs meurtris et aller \u00e0 une unit\u00e9 nationale. Pour ce faire, les deux parties ont, au cours d\u2019un s\u00e9minaire gouvernemental tenu le vendredi 19 avril 2019, mutualis\u00e9 leurs exp\u00e9riences avec des acteurs d\u2019autres pays en vue d\u2019une mise en \u0153uvre r\u00e9ussie de la justice transitionnelle. Pour le pr\u00e9sident du HCRUN, L\u00e9andre Bassol\u00e9, l\u2019un des leviers des plus efficaces, susceptible d\u2019apporter des r\u00e9ponses appropri\u00e9es aux dossiers comme celui des drames de Nafona, de Orodara, de Yirgou, de Arbinda c\u2019est la justice transitionnelle. Elle a, selon lui, fait ses preuves dans certains pays qui, \u00e0 ce jour, accompagne le Burkina Faso dans sa politique d\u2019une unit\u00e9 et d\u2019une r\u00e9conciliation nationales.<br \/>Mais, il importe, selon M. Bassol\u00e9, que les acteurs soient outill\u00e9s \u00e0 cette justice alternative, qui \u00e0 l\u2019entendre, repose sur quatre piliers: le droit \u00e0 la v\u00e9rit\u00e9, le droit \u00e0 la justice, le droit aux r\u00e9parations et \u00e0 la garantie de non-r\u00e9p\u00e9tition. \u00abIl est temps de recourir \u00e0 la sagesse de nos us et coutumes et de traduire en acte les pr\u00e9ceptes qui nous sont enseign\u00e9s dans nos mosqu\u00e9es, temples et \u00e9glises. Et pour cela, il nous faut cette justice transitionnelle aux c\u00f4t\u00e9s de celle classique\u00bb, a d\u00e9clar\u00e9 le pr\u00e9sident du HCRUN. Mieux, L\u00e9andre Bassol\u00e9 appelle \u00e0 un sursaut national en vue de parvenir \u00e0 \u00e9tablir \u00abun vivre-ensemble dans la v\u00e9rit\u00e9, la justice au sein d\u2019une nation r\u00e9concili\u00e9e avec elle-m\u00eame\u00bb. Pour le ministre de la Communication et des Relations avec le Parlement, Porte-parole du gouvernement, R\u00e9mis Fulgance Dandjinou, le gouvernement est d\u2019avis avec les perspectives du HCRUN. La structure de r\u00e9conciliation \u00e0 son avis, fait des efforts et m\u00e9rite d\u2019\u00eatre soutenue par l\u2019ex\u00e9cutif dans l\u2019op\u00e9rationnalisation d\u2019une justice transitionnelle, gage d\u2019une r\u00e9conciliation et d\u2019une unit\u00e9 v\u00e9ritables. \u00abLa justice est une n\u00e9cessit\u00e9 et la coh\u00e9sion une obligation pour un mieux- vivre ensemble et pour l\u2019avenir des g\u00e9n\u00e9rations futures\u00bb, a enseign\u00e9 M. Dandjinou. La pr\u00e9sidente de la commission recherche et investigation au sein de l\u2019Instance v\u00e9rit\u00e9 et dignit\u00e9 (IVD), la Tunisienne Oula Ben Nejma, a soutenu que son pays est pass\u00e9 par la justice transitionnelle pour recouvrer sa stabilit\u00e9. Cette forme de justice, selon elle, permet d\u2019\u00e9viter toute forme de vengeance, et donne l\u2019occasion aux coupables de reconna\u00eetre leur tort et de demander<br \/>pardon.<\/p>\n<p>Wanl\u00e9 G\u00e9rard<br \/>COULIBALY<\/p>\n<div class=\"td-a-rec td-a-rec-id-content_bottom td_uid_31_5cbe35bda4c72_rand td_block_template_1\"><img loading=\"lazy\" decoding=\"async\" class=\"alignright size-full wp-image-1724\" src=\"https:\/\/www.sidwaya.info\/wp-content\/uploads\/2018\/12\/sidwaya-pub.jpg\" alt=\"\" width=\"720\" height=\"90\"\/><\/div>\n<p>Auteur: BM. Sidwaya<br \/>\n<a href=\"https:\/\/www.sidwaya.info\/blog\/2019\/04\/22\/reflexions-autour-de-la-justice-transitionnelle\/\">Cliquez ici pour lire l&rsquo;article depuis sa source.<\/a><\/p>\n","protected":false},"excerpt":{"rendered":"<p>Le Haut conseil pour la r\u00e9conciliation et l\u2019unit\u00e9 nationale (HCRUN) et le gouvernement ont, au cours d\u2019un s\u00e9minaire gouvernemental, tenu le vendredi 19 avril 2019 \u00e0 Ouagadougou, d\u00e9cid\u00e9 de la mise en \u0153uvre d\u2019une justice transitionnelle dans le processus de paix et de coh\u00e9sion sociale. Le gouvernement et le Haut conseil pour la r\u00e9conciliation et [&hellip;]<\/p>\n","protected":false},"author":1816,"featured_media":0,"comment_status":"closed","ping_status":"closed","sticky":false,"template":"","format":"standard","meta":{"fifu_image_url":"","fifu_image_alt":"","footnotes":""},"categories":[73,81],"tags":[],"class_list":["post-29437","post","type-post","status-publish","format-standard","hentry","category-actualite","category-burkina-faso"],"_links":{"self":[{"href":"https:\/\/linitiative.ca\/International\/wp-json\/wp\/v2\/posts\/29437","targetHints":{"allow":["GET"]}}],"collection":[{"href":"https:\/\/linitiative.ca\/International\/wp-json\/wp\/v2\/posts"}],"about":[{"href":"https:\/\/linitiative.ca\/International\/wp-json\/wp\/v2\/types\/post"}],"author":[{"embeddable":true,"href":"https:\/\/linitiative.ca\/International\/wp-json\/wp\/v2\/users\/1816"}],"replies":[{"embeddable":true,"href":"https:\/\/linitiative.ca\/International\/wp-json\/wp\/v2\/comments?post=29437"}],"version-history":[{"count":0,"href":"https:\/\/linitiative.ca\/International\/wp-json\/wp\/v2\/posts\/29437\/revisions"}],"wp:attachment":[{"href":"https:\/\/linitiative.ca\/International\/wp-json\/wp\/v2\/media?parent=29437"}],"wp:term":[{"taxonomy":"category","embeddable":true,"href":"https:\/\/linitiative.ca\/International\/wp-json\/wp\/v2\/categories?post=29437"},{"taxonomy":"post_tag","embeddable":true,"href":"https:\/\/linitiative.ca\/International\/wp-json\/wp\/v2\/tags?post=29437"}],"curies":[{"name":"wp","href":"https:\/\/api.w.org\/{rel}","templated":true}]}}