{"id":29438,"date":"2019-04-22T17:09:07","date_gmt":"2019-04-22T21:09:07","guid":{"rendered":"https:\/\/linitiative.ca\/International\/paix-et-cohesion-sociale-au-burkina\/"},"modified":"2019-04-22T17:09:07","modified_gmt":"2019-04-22T21:09:07","slug":"paix-et-cohesion-sociale-au-burkina","status":"publish","type":"post","link":"https:\/\/linitiative.ca\/International\/paix-et-cohesion-sociale-au-burkina\/","title":{"rendered":"Paix et coh\u00e9sion sociale au Burkina"},"content":{"rendered":"<div class=\"td-post-featured-image\"><a href=\"https:\/\/i1.wp.com\/www.sidwaya.info\/wp-content\/uploads\/2019\/04\/soreaziz.jpg?fit=974%2C731&#038;ssl=1\" data-caption=\"\"><img loading=\"lazy\" decoding=\"async\" width=\"696\" height=\"522\" class=\"entry-thumb td-modal-image\" src=\"https:\/\/i1.wp.com\/www.sidwaya.info\/wp-content\/uploads\/2019\/04\/soreaziz.jpg?resize=696%2C522&#038;ssl=1\" srcset=\"https:\/\/i1.wp.com\/www.sidwaya.info\/wp-content\/uploads\/2019\/04\/soreaziz.jpg?w=974&#038;ssl=1 974w, https:\/\/i1.wp.com\/www.sidwaya.info\/wp-content\/uploads\/2019\/04\/soreaziz.jpg?resize=300%2C225&#038;ssl=1 300w, https:\/\/i1.wp.com\/www.sidwaya.info\/wp-content\/uploads\/2019\/04\/soreaziz.jpg?resize=768%2C576&#038;ssl=1 768w, https:\/\/i1.wp.com\/www.sidwaya.info\/wp-content\/uploads\/2019\/04\/soreaziz.jpg?resize=80%2C60&#038;ssl=1 80w, https:\/\/i1.wp.com\/www.sidwaya.info\/wp-content\/uploads\/2019\/04\/soreaziz.jpg?resize=265%2C198&#038;ssl=1 265w, https:\/\/i1.wp.com\/www.sidwaya.info\/wp-content\/uploads\/2019\/04\/soreaziz.jpg?resize=696%2C522&#038;ssl=1 696w, https:\/\/i1.wp.com\/www.sidwaya.info\/wp-content\/uploads\/2019\/04\/soreaziz.jpg?resize=560%2C420&#038;ssl=1 560w\" sizes=\"auto, (max-width: 696px) 100vw, 696px\" alt=\"\" title=\"soreaziz\"\/><\/a><\/div>\n<div class=\"td-a-rec td-a-rec-id-content_top td_uid_30_5cbe35c0c774b_rand td_block_template_1\"><img loading=\"lazy\" decoding=\"async\" class=\"aligncenter size-full wp-image-4463\" src=\"https:\/\/www.sidwaya.info\/wp-content\/uploads\/2019\/02\/FESPACO-TOUR-2019-Bannie%CC%80re-728x90-1.jpg\" alt=\"\" width=\"728\" height=\"90\"\/><\/div>\n<p><strong>Le traditionnel pr\u00eache annuel du Cheick et guide spirituel, Abdoul Aziz Aguib Sor\u00e9 a eu lieu au Stade du 4-Ao\u00fbt de Ouagadougou, le vendredi 19 avril 2019.<\/strong><\/p>\n<p>Coh\u00e9sion sociale, paix, entraide, s\u00e9curit\u00e9, raffermissement de la foi religieuse, sont entre autres th\u00e9matiques, abord\u00e9es par le Cheick Abdoul Aziz Aguib Sor\u00e9, lors de sa pri\u00e8re de b\u00e9n\u00e9diction du vendredi 19 avril 2019 au Stade du 4-Ao\u00fbt de Ouagadougou. Devant un parterre de participants venus de la sous-r\u00e9gion africaine et d\u2019Europe, le guide a implor\u00e9 Dieu pour le renforcement de la foi dans toutes les croyances. Selon le religieux, l\u2019humanit\u00e9 conna\u00eet de plus en plus une haine qui se m\u00e9tamorphose en terrorisme. Pour venir \u00e0 bout de ces forces du mal, le guide a souhait\u00e9 que les peuples d\u2019Afrique et d\u2019ailleurs soient plus unis. \u00abLa vie en communaut\u00e9 doit \u00eatre empreinte de courtoisie, de pardon, d\u2019amour et de croyance\u00bb, a dit le Cheick Sor\u00e9. Il a invit\u00e9 particuli\u00e8rement les musulmans \u00e0 s\u2019engager dans la lutte contre toute forme de violence afin d\u2019honorer l\u2019image de l\u2019islam et redorer le nom de son proph\u00e8te. \u00abTous ceux qui font l\u2019apologie du terrorisme et qui se r\u00e9clame de l\u2019islam ne sont pas des croyants, encore moins des musulmans. Aucune religion ne pr\u00f4ne l\u2019homicide et tous autres types de violence contre autrui\u00bb, a d\u00e9clar\u00e9 Aziz Sor\u00e9. Avec d\u2019autres c\u00e9l\u00e8bres guides venus du Mali, du S\u00e9n\u00e9gal et de la C\u00f4te d\u2019Ivoire, les religieux ont au terme de la nuit de b\u00e9n\u00e9diction, pri\u00e9 pour la paix, la concorde et la s\u00e9curit\u00e9 pour l\u2019ensemble des pays du monde. Ils ont aussi implor\u00e9 le Tout-puissant pour une bonne pluviom\u00e9trie en 2019 afin de<br \/>soulager l\u2019humanit\u00e9 des calamit\u00e9s comme la famine.<\/p>\n<p>Wanl\u00e9 G\u00e9rard COULIBALY<\/p>\n<div class=\"td-a-rec td-a-rec-id-content_bottom td_uid_31_5cbe35c0c79d5_rand td_block_template_1\"><img loading=\"lazy\" decoding=\"async\" class=\"alignright size-full wp-image-1724\" src=\"https:\/\/www.sidwaya.info\/wp-content\/uploads\/2018\/12\/sidwaya-pub.jpg\" alt=\"\" width=\"720\" height=\"90\"\/><\/div>\n<p>Auteur: BM. Sidwaya<br \/>\n<a href=\"https:\/\/www.sidwaya.info\/blog\/2019\/04\/22\/paix-et-cohesion-sociale-au-burkina\/\">Cliquez ici pour lire l&rsquo;article depuis sa source.<\/a><\/p>\n","protected":false},"excerpt":{"rendered":"<p>Le traditionnel pr\u00eache annuel du Cheick et guide spirituel, Abdoul Aziz Aguib Sor\u00e9 a eu lieu au Stade du 4-Ao\u00fbt de Ouagadougou, le vendredi 19 avril 2019. Coh\u00e9sion sociale, paix, entraide, s\u00e9curit\u00e9, raffermissement de la foi religieuse, sont entre autres th\u00e9matiques, abord\u00e9es par le Cheick Abdoul Aziz Aguib Sor\u00e9, lors de sa pri\u00e8re de b\u00e9n\u00e9diction [&hellip;]<\/p>\n","protected":false},"author":1816,"featured_media":0,"comment_status":"closed","ping_status":"closed","sticky":false,"template":"","format":"standard","meta":{"fifu_image_url":"","fifu_image_alt":"","footnotes":""},"categories":[73,81],"tags":[],"class_list":["post-29438","post","type-post","status-publish","format-standard","hentry","category-actualite","category-burkina-faso"],"_links":{"self":[{"href":"https:\/\/linitiative.ca\/International\/wp-json\/wp\/v2\/posts\/29438","targetHints":{"allow":["GET"]}}],"collection":[{"href":"https:\/\/linitiative.ca\/International\/wp-json\/wp\/v2\/posts"}],"about":[{"href":"https:\/\/linitiative.ca\/International\/wp-json\/wp\/v2\/types\/post"}],"author":[{"embeddable":true,"href":"https:\/\/linitiative.ca\/International\/wp-json\/wp\/v2\/users\/1816"}],"replies":[{"embeddable":true,"href":"https:\/\/linitiative.ca\/International\/wp-json\/wp\/v2\/comments?post=29438"}],"version-history":[{"count":0,"href":"https:\/\/linitiative.ca\/International\/wp-json\/wp\/v2\/posts\/29438\/revisions"}],"wp:attachment":[{"href":"https:\/\/linitiative.ca\/International\/wp-json\/wp\/v2\/media?parent=29438"}],"wp:term":[{"taxonomy":"category","embeddable":true,"href":"https:\/\/linitiative.ca\/International\/wp-json\/wp\/v2\/categories?post=29438"},{"taxonomy":"post_tag","embeddable":true,"href":"https:\/\/linitiative.ca\/International\/wp-json\/wp\/v2\/tags?post=29438"}],"curies":[{"name":"wp","href":"https:\/\/api.w.org\/{rel}","templated":true}]}}