{"id":29441,"date":"2019-04-22T12:50:02","date_gmt":"2019-04-22T16:50:02","guid":{"rendered":"https:\/\/linitiative.ca\/International\/algerie-arrestation-du-pdg-du-premier-groupe-prive-et-dautres-industriels\/"},"modified":"2019-04-22T12:50:02","modified_gmt":"2019-04-22T16:50:02","slug":"algerie-arrestation-du-pdg-du-premier-groupe-prive-et-dautres-industriels","status":"publish","type":"post","link":"https:\/\/linitiative.ca\/International\/algerie-arrestation-du-pdg-du-premier-groupe-prive-et-dautres-industriels\/","title":{"rendered":"Alg\u00e9rie: arrestation du PDG du premier groupe priv\u00e9 et d\u2019autres industriels"},"content":{"rendered":"<div readability=\"32\">\n<p>Publi\u00e9 le 22.04.2019 \u00e0 17h50 par AFP<\/p>\n<\/div>\n<div readability=\"126\">\n<p>La gendarmerie alg\u00e9rienne a arr\u00eat\u00e9 lundi l\u2019homme d\u2019affaires Issad Rebrab, consid\u00e9r\u00e9 comme la premi\u00e8re fortune d\u2019Alg\u00e9rie, pour \u00ab\u00a0fausse d\u00e9claration concernant le mouvement de capitaux\u00a0\u00bb, a annonc\u00e9 la t\u00e9l\u00e9vision d\u2019Etat.<\/p>\n<p>M. Rebrab est le PDG du premier groupe priv\u00e9 d\u2019Alg\u00e9rie, Cevital, un conglom\u00e9rat actif dans l\u2019\u00e9lectronique, la sid\u00e9rurgie, l\u2019\u00e9lectrom\u00e9nager et le BTP qui emploie 12.000 personnes et a rachet\u00e9 des entreprises en France (groupe \u00e9lectrom\u00e9nager Fagor Brandt entre autres).<\/p>\n<p>L\u2019arrestation du PDG de Cevital intervient quelques heures apr\u00e8s celle, dimanche, de quatre fr\u00e8res, tous hommes d\u2019affaires et membres de la famille Kouninef, \u00e0 la t\u00eate d\u2019un empire allant de l\u2019agroalimentaire au g\u00e9nie civil p\u00e9trolier.<\/p>\n<p>Si la famille Kouninef est r\u00e9put\u00e9e proche de Sa\u00efd Bouteflika, fr\u00e8re et puissant ex-conseiller de l\u2019ancien chef de l\u2019Etat, Cevital avait d\u00e9clar\u00e9 d\u00e9but mars soutenir le mouvement de contestation secouant l\u2019Alg\u00e9rie pour protester contre la candidature \u00e0 un cinqui\u00e8me mandat d\u2019Abdelaziz Bouteflika. Son PDG s\u2019\u00e9tait montr\u00e9 critique du gouvernement ces derni\u00e8res ann\u00e9es.<\/p>\n<p>\u00ab\u00a0La gendarmerie a arr\u00eat\u00e9 ce matin Issad Rebrab, PDG du groupe Cevital. Il est soup\u00e7onn\u00e9 de fausse d\u00e9claration concernant le mouvement de capitaux de et vers l\u2019\u00e9tranger, surfacturation, importation de mat\u00e9riel usag\u00e9 en d\u00e9pit de l\u2019octroi d\u2019avantages bancaires, fiscaux et douaniers (destin\u00e9s au mat\u00e9riel neuf)\u00a0\u00bb, a indiqu\u00e9 la TV d\u2019Etat dans un bandeau.<\/p>\n<p>Selon ce m\u00e9dia officiel, M. Rebrab \u00ab\u00a0sera d\u00e9f\u00e9r\u00e9 devant le procureur du tribunal de Sidi Mhamed \u00e0 Alger imm\u00e9diatement apr\u00e8s la fin de son audition par le juge d\u2019instruction\u00a0\u00bb.<\/p>\n<p>\u00ab\u00a0Je me suis pr\u00e9sent\u00e9 de nouveau ce matin \u00e0 la brigade de gendarmerie de Bab Jdid (\u00e0 Alger). Nous poursuivrons l\u2019\u00e9tude de l\u2019affaire de nos \u00e9quipements retenus au port d\u2019Alger depuis juin 2018\u00a0\u00bb, avait tweet\u00e9 de son c\u00f4t\u00e9 M. Rebrab plus t\u00f4t dans la matin\u00e9e.<\/p>\n<p>La t\u00e9l\u00e9vision d\u2019Etat a \u00e9galement annonc\u00e9 l\u2019arrestation dimanche soir de quatre des fr\u00e8res Kouninef.<\/p>\n<p><ins data-revive-zoneid=\"9\" data-revive-id=\"10111e19d28d19d031742ee3b0b33eb0\"\/> <\/p>\n<p>Ils doivent \u00eatre entendus dans le cadre d\u2019une information judiciaire entre autres pour \u00ab\u00a0non-respect des engagements contenus dans des contrats conclus avec l\u2019Etat, trafic d\u2019influence pour obtenir d\u2019indus avantages\u00a0\u00bb avant d\u2019\u00eatre pr\u00e9sent\u00e9s au parquet, selon cette source.<\/p>\n<p>L\u2019ex-Premier ministre alg\u00e9rien Ahmed Ouyahia et l\u2019actuel ministre des Finances Mohamed Loukal se sont vus remettre une convocation lundi pour \u00eatre entendus par le parquet d\u2019Alger dans le cadre d\u2019une enqu\u00eate pour \u00ab\u00a0dilapidation de deniers publics\u00a0\u00bb, a par ailleurs r\u00e9v\u00e9l\u00e9 la t\u00e9l\u00e9vision d\u2019Etat.<\/p>\n<p>L\u2019Alg\u00e9rie est le th\u00e9\u00e2tre depuis le 22 f\u00e9vrier de manifestations massives d\u00e9clench\u00e9es par la candidature \u00e0 un nouveau mandat de M. Bouteflika. qui se sont transform\u00e9es en contestation de tout le r\u00e9gime. M. Bouteflika a d\u00e9missionn\u00e9 le 2 avril, mais les manifestations se poursuivent pour exiger le d\u00e9part de tous les hauts responsables du \u00ab\u00a0syst\u00e8me\u00a0\u00bb.<\/p>\n<p>Le chef d\u2019\u00e9tat-major de l\u2019arm\u00e9e, le g\u00e9n\u00e9ral Ga\u00efd Salah, avait appel\u00e9 le 16 avril la justice \u00e0 \u00ab\u00a0acc\u00e9l\u00e9rer la cadence\u00a0\u00bb dans les enqu\u00eates ouvertes pour corruption contre des hommes d\u2019affaires li\u00e9s \u00e0 l\u2019ancien clan pr\u00e9sidentiel.<\/p>\n<p>D\u00e9but avril, l\u2019ex-patron des patrons alg\u00e9riens, Ali Haddad, riche homme d\u2019affaires, \u00e9galement proche de M. Bouteflika, avait \u00e9t\u00e9 \u00e9crou\u00e9 apr\u00e8s avoir \u00e9t\u00e9 arr\u00eat\u00e9 alors qu\u2019il se rendait en Tunisie.<\/p>\n<p>Au lendemain de son arrestation, la justice avait annonc\u00e9 l\u2019ouverture d\u2019enqu\u00eates sur des faits de corruption et de transferts illicites de capitaux.<\/p>\n<p>Elle avait \u00e9galement interdit \u00e0 un certain nombre de personnes de quitter l\u2019Alg\u00e9rie, sans donner de noms, mais la presse avait r\u00e9v\u00e9l\u00e9 ceux d\u2019une dizaine d\u2019influents hommes d\u2019affaires, tous li\u00e9s \u00e0 l\u2019entourage du chef de l\u2019Etat.<\/p>\n<\/div>\n<p>Auteur: AFP<br \/>\n<a href=\"https:\/\/www.journalducameroun.com\/fr\/algerie-arrestation-du-pdg-du-premier-groupe-prive-et-dautres-industriels\/\">Cliquez ici pour lire l&rsquo;article depuis sa source.<\/a><\/p>\n","protected":false},"excerpt":{"rendered":"<p>Publi\u00e9 le 22.04.2019 \u00e0 17h50 par AFP La gendarmerie alg\u00e9rienne a arr\u00eat\u00e9 lundi l\u2019homme d\u2019affaires Issad Rebrab, consid\u00e9r\u00e9 comme la premi\u00e8re fortune d\u2019Alg\u00e9rie, pour \u00ab\u00a0fausse d\u00e9claration concernant le mouvement de capitaux\u00a0\u00bb, a annonc\u00e9 la t\u00e9l\u00e9vision d\u2019Etat. M. Rebrab est le PDG du premier groupe priv\u00e9 d\u2019Alg\u00e9rie, Cevital, un conglom\u00e9rat actif dans l\u2019\u00e9lectronique, la sid\u00e9rurgie, l\u2019\u00e9lectrom\u00e9nager [&hellip;]<\/p>\n","protected":false},"author":1965,"featured_media":0,"comment_status":"closed","ping_status":"closed","sticky":false,"template":"","format":"standard","meta":{"fifu_image_url":"","fifu_image_alt":"","footnotes":""},"categories":[73,82],"tags":[],"class_list":["post-29441","post","type-post","status-publish","format-standard","hentry","category-actualite","category-cameroun"],"_links":{"self":[{"href":"https:\/\/linitiative.ca\/International\/wp-json\/wp\/v2\/posts\/29441","targetHints":{"allow":["GET"]}}],"collection":[{"href":"https:\/\/linitiative.ca\/International\/wp-json\/wp\/v2\/posts"}],"about":[{"href":"https:\/\/linitiative.ca\/International\/wp-json\/wp\/v2\/types\/post"}],"author":[{"embeddable":true,"href":"https:\/\/linitiative.ca\/International\/wp-json\/wp\/v2\/users\/1965"}],"replies":[{"embeddable":true,"href":"https:\/\/linitiative.ca\/International\/wp-json\/wp\/v2\/comments?post=29441"}],"version-history":[{"count":0,"href":"https:\/\/linitiative.ca\/International\/wp-json\/wp\/v2\/posts\/29441\/revisions"}],"wp:attachment":[{"href":"https:\/\/linitiative.ca\/International\/wp-json\/wp\/v2\/media?parent=29441"}],"wp:term":[{"taxonomy":"category","embeddable":true,"href":"https:\/\/linitiative.ca\/International\/wp-json\/wp\/v2\/categories?post=29441"},{"taxonomy":"post_tag","embeddable":true,"href":"https:\/\/linitiative.ca\/International\/wp-json\/wp\/v2\/tags?post=29441"}],"curies":[{"name":"wp","href":"https:\/\/api.w.org\/{rel}","templated":true}]}}