{"id":29444,"date":"2019-04-22T14:18:05","date_gmt":"2019-04-22T18:18:05","guid":{"rendered":"https:\/\/linitiative.ca\/International\/un-forum-des-affaires-de-lue-en-cote-divoire-prevu-a-abidjan-jeudi\/"},"modified":"2019-04-22T14:18:05","modified_gmt":"2019-04-22T18:18:05","slug":"un-forum-des-affaires-de-lue-en-cote-divoire-prevu-a-abidjan-jeudi","status":"publish","type":"post","link":"https:\/\/linitiative.ca\/International\/un-forum-des-affaires-de-lue-en-cote-divoire-prevu-a-abidjan-jeudi\/","title":{"rendered":"Un forum des Affaires de l\u2019UE en C\u00f4te d\u2019Ivoire pr\u00e9vu \u00e0 Abidjan jeudi"},"content":{"rendered":"<div readability=\"32\">\n<p>Publi\u00e9 le 22.04.2019 \u00e0 19h18 par APA News<\/p>\n<\/div>\n<div readability=\"59\">\n<p>Un forum des Affaires de l\u2019Union europ\u00e9enne (UE) en C\u00f4te d\u2019Ivoire est pr\u00e9vu jeudi \u00e0 Abidjan, annonce l\u2019ambassadeur de l\u2019UE en C\u00f4te d\u2019Ivoire, Jobst Von Kirchmann, dans une vid\u00e9o sur la page Facebook de l\u2019institution.Ce forum, organis\u00e9 en collaboration avec la Chambre de commerce \u00a0europ\u00e9enne en C\u00f4te d\u2019Ivoire et le Patronat ivoirien, vise \u00e0 pr\u00e9senter \u00ab \u00a0ce que l\u2019UE et les \u00c9tats membres offrent aux entrepreneurs et au secteur \u00a0priv\u00e9 en C\u00f4te d\u2019Ivoire \u00bb, a indiqu\u00e9 M. Jobst Von Kirchmann.<\/p>\n<p>Le \u00a0th\u00e8me retenu pour ce forum d\u2019Affaires est : \u00ab l\u2019Union europ\u00e9enne \u00a0accompagne le secteur priv\u00e9 \u00bb. Selon l\u2019ambassadeur Kirchmann, \u00a0accompagner le secteur priv\u00e9, ce n\u2019est pas seulement au niveau des \u00a0instruments financiers.<\/p>\n<p>On peut \u00ab aider aussi \u00a0(un entrepreneur\/le secteur priv\u00e9) \u00e0 monter un projet pour acc\u00e9l\u00e9rer son \u00a0d\u00e9veloppement ou remonter les informations pour am\u00e9liorer le climat des \u00a0Affaires, ou am\u00e9liorer le commerce entre l\u2019UE et la C\u00f4te d\u2019Ivoire \u00bb, \u00a0a-t-il fait observer.\u00a0<\/p>\n<p><ins data-revive-zoneid=\"9\" data-revive-id=\"10111e19d28d19d031742ee3b0b33eb0\"\/> <\/p>\n<p>La d\u00e9l\u00e9gation de l\u2019UE \u00a0est \u00ab curieuse de vous montrer les instruments qui existent et tout ce \u00a0qu\u2019on fait qui existe pour les entrepreneurs et le secteur priv\u00e9 \u00bb, a \u00a0insist\u00e9 l\u2019ambassadeur Kirchmann, qui invite les acteurs du secteur priv\u00e9 \u00a0\u00e0 y participer massivement.\u00a0<\/p>\n<\/div>\n<p>Auteur: APA News<br \/>\n<a href=\"https:\/\/www.journalducameroun.com\/fr\/un-forum-des-affaires-de-lue-en-cote-divoire-prevu-a-abidjan-jeudi\/\">Cliquez ici pour lire l&rsquo;article depuis sa source.<\/a><\/p>\n","protected":false},"excerpt":{"rendered":"<p>Publi\u00e9 le 22.04.2019 \u00e0 19h18 par APA News Un forum des Affaires de l\u2019Union europ\u00e9enne (UE) en C\u00f4te d\u2019Ivoire est pr\u00e9vu jeudi \u00e0 Abidjan, annonce l\u2019ambassadeur de l\u2019UE en C\u00f4te d\u2019Ivoire, Jobst Von Kirchmann, dans une vid\u00e9o sur la page Facebook de l\u2019institution.Ce forum, organis\u00e9 en collaboration avec la Chambre de commerce \u00a0europ\u00e9enne en C\u00f4te [&hellip;]<\/p>\n","protected":false},"author":1965,"featured_media":0,"comment_status":"closed","ping_status":"closed","sticky":false,"template":"","format":"standard","meta":{"fifu_image_url":"","fifu_image_alt":"","footnotes":""},"categories":[73,82],"tags":[],"class_list":["post-29444","post","type-post","status-publish","format-standard","hentry","category-actualite","category-cameroun"],"_links":{"self":[{"href":"https:\/\/linitiative.ca\/International\/wp-json\/wp\/v2\/posts\/29444","targetHints":{"allow":["GET"]}}],"collection":[{"href":"https:\/\/linitiative.ca\/International\/wp-json\/wp\/v2\/posts"}],"about":[{"href":"https:\/\/linitiative.ca\/International\/wp-json\/wp\/v2\/types\/post"}],"author":[{"embeddable":true,"href":"https:\/\/linitiative.ca\/International\/wp-json\/wp\/v2\/users\/1965"}],"replies":[{"embeddable":true,"href":"https:\/\/linitiative.ca\/International\/wp-json\/wp\/v2\/comments?post=29444"}],"version-history":[{"count":0,"href":"https:\/\/linitiative.ca\/International\/wp-json\/wp\/v2\/posts\/29444\/revisions"}],"wp:attachment":[{"href":"https:\/\/linitiative.ca\/International\/wp-json\/wp\/v2\/media?parent=29444"}],"wp:term":[{"taxonomy":"category","embeddable":true,"href":"https:\/\/linitiative.ca\/International\/wp-json\/wp\/v2\/categories?post=29444"},{"taxonomy":"post_tag","embeddable":true,"href":"https:\/\/linitiative.ca\/International\/wp-json\/wp\/v2\/tags?post=29444"}],"curies":[{"name":"wp","href":"https:\/\/api.w.org\/{rel}","templated":true}]}}