{"id":29445,"date":"2019-04-22T14:18:07","date_gmt":"2019-04-22T18:18:07","guid":{"rendered":"https:\/\/linitiative.ca\/International\/dr-moussa-farouk-fadiga-reconduit-a-la-tete-des-musulmans-sunnites-de-cote-divoire\/"},"modified":"2019-04-22T14:18:07","modified_gmt":"2019-04-22T18:18:07","slug":"dr-moussa-farouk-fadiga-reconduit-a-la-tete-des-musulmans-sunnites-de-cote-divoire","status":"publish","type":"post","link":"https:\/\/linitiative.ca\/International\/dr-moussa-farouk-fadiga-reconduit-a-la-tete-des-musulmans-sunnites-de-cote-divoire\/","title":{"rendered":"Dr Moussa Farouk Fadiga reconduit \u00e0 la t\u00eate des musulmans sunnites de C\u00f4te d\u2019Ivoire"},"content":{"rendered":"<div readability=\"32\">\n<p>Publi\u00e9 le 22.04.2019 \u00e0 19h18 par APA News<\/p>\n<\/div>\n<div readability=\"67\">\n<p>Dr Moussa Farouk Fadiga a \u00e9t\u00e9 reconduit \u00e0 la t\u00eate de l\u2019Association des musulmans sunnites de C\u00f4te d\u2019Ivoire (AMSCI) pour un nouveau mandat de 5 ans au terme de son 5\u00e8me congr\u00e8s ordinaire qui s\u2019est achev\u00e9 dimanche \u00e0 Abidjan, a constat\u00e9 APA sur place dans la capitale \u00e9conomique ivoirienne.Pr\u00e8s de 300 d\u00e9l\u00e9gu\u00e9s venus de 29 r\u00e9gions du pays ont pris part \u00e0 ces assises qui ont \u00e9galement reconduit Cheikh \u00a0Issiaka \u00a0Sidib\u00e9 et \u00a0Dr Adam Fofana respectivement \u00e0 la t\u00eate du Conseil des imams sunnites en C\u00f4te d\u2019Ivoire (CODIS) et de l\u2019Acad\u00e9mie nationale des oul\u00e9mas (ANAOU).<\/p>\n<p>Par ailleurs, l\u2019AMSCI a encourag\u00e9 \u00able pr\u00e9sident de \u00a0la R\u00e9publique et son gouvernement \u00e0 poursuivre leurs efforts pour le renforcement de la coh\u00e9sion sociale \u00bb.<\/p>\n<p>\u00a0Au plan social, les musulmans sunnites ont appel\u00e9 \u00e0 une intensification \u00ab des actions de resocialisation pour faire face aux ph\u00e9nom\u00e8nes des enfants en conflits avec la loi et l\u2019immigration clandestine \u00bb.<\/p>\n<p>\u00a0Se pronon\u00e7ant sur le th\u00e8me central du congr\u00e8s relatif au \u00ab mod\u00e8le islamique de coh\u00e9sion sociale et de jugulation des fl\u00e9aux nouveaux \u00bb, le conf\u00e9rencier, Dr Adam Fofana a invit\u00e9 les musulmans aux enseignements du proph\u00e8te de l\u2019Islam.<\/p>\n<p><ins data-revive-zoneid=\"9\" data-revive-id=\"10111e19d28d19d031742ee3b0b33eb0\"\/> <\/p>\n<p>\u00ab La C\u00f4te d\u2019Ivoire a besoin de coh\u00e9sion. Au temps du proph\u00e8te, juifs, chr\u00e9tiens et musulmans malgr\u00e9 les divergences vivaient ensemble \u00bb, a insist\u00e9 le guide religieux.<\/p>\n<p>Le ministre ivoirien de l\u2019artisanat Sidiki Konat\u00e9, a pour sa part encourag\u00e9 les guides religieux \u00ab \u00e0 poursuivre les pri\u00e8res et la \u00a0sensibilisation \u00e0 la promotion de la paix et la coh\u00e9sion sociale \u00bb aupr\u00e8s des fid\u00e8les.<\/p>\n<p>L\u2019Association des musulmans sunnites en C\u00f4te d\u2019Ivoire (AMSCI), pr\u00e9c\u00e9demment appel\u00e9e AMOCI (Association des musulmans orthodoxes de C\u00f4te d\u2019Ivoire) a \u00e9t\u00e9 cr\u00e9\u00e9e le 20 juin 1975 \u00e0 Abidjan.<\/p>\n<\/div>\n<p>Auteur: APA News<br \/>\n<a href=\"https:\/\/www.journalducameroun.com\/fr\/dr-moussa-farouk-fadiga-reconduit-a-la-tete-des-musulmans-sunnites-de-cote-divoire\/\">Cliquez ici pour lire l&rsquo;article depuis sa source.<\/a><\/p>\n","protected":false},"excerpt":{"rendered":"<p>Publi\u00e9 le 22.04.2019 \u00e0 19h18 par APA News Dr Moussa Farouk Fadiga a \u00e9t\u00e9 reconduit \u00e0 la t\u00eate de l\u2019Association des musulmans sunnites de C\u00f4te d\u2019Ivoire (AMSCI) pour un nouveau mandat de 5 ans au terme de son 5\u00e8me congr\u00e8s ordinaire qui s\u2019est achev\u00e9 dimanche \u00e0 Abidjan, a constat\u00e9 APA sur place dans la capitale [&hellip;]<\/p>\n","protected":false},"author":1965,"featured_media":0,"comment_status":"closed","ping_status":"closed","sticky":false,"template":"","format":"standard","meta":{"fifu_image_url":"","fifu_image_alt":"","footnotes":""},"categories":[73,82],"tags":[],"class_list":["post-29445","post","type-post","status-publish","format-standard","hentry","category-actualite","category-cameroun"],"_links":{"self":[{"href":"https:\/\/linitiative.ca\/International\/wp-json\/wp\/v2\/posts\/29445","targetHints":{"allow":["GET"]}}],"collection":[{"href":"https:\/\/linitiative.ca\/International\/wp-json\/wp\/v2\/posts"}],"about":[{"href":"https:\/\/linitiative.ca\/International\/wp-json\/wp\/v2\/types\/post"}],"author":[{"embeddable":true,"href":"https:\/\/linitiative.ca\/International\/wp-json\/wp\/v2\/users\/1965"}],"replies":[{"embeddable":true,"href":"https:\/\/linitiative.ca\/International\/wp-json\/wp\/v2\/comments?post=29445"}],"version-history":[{"count":0,"href":"https:\/\/linitiative.ca\/International\/wp-json\/wp\/v2\/posts\/29445\/revisions"}],"wp:attachment":[{"href":"https:\/\/linitiative.ca\/International\/wp-json\/wp\/v2\/media?parent=29445"}],"wp:term":[{"taxonomy":"category","embeddable":true,"href":"https:\/\/linitiative.ca\/International\/wp-json\/wp\/v2\/categories?post=29445"},{"taxonomy":"post_tag","embeddable":true,"href":"https:\/\/linitiative.ca\/International\/wp-json\/wp\/v2\/tags?post=29445"}],"curies":[{"name":"wp","href":"https:\/\/api.w.org\/{rel}","templated":true}]}}