{"id":29472,"date":"2019-04-22T01:47:14","date_gmt":"2019-04-22T05:47:14","guid":{"rendered":"https:\/\/linitiative.ca\/International\/qui-est-mamoudou-abdoulmoumini-le-nouveau-patron-de-lecole-veterinaire\/"},"modified":"2019-04-22T01:47:14","modified_gmt":"2019-04-22T05:47:14","slug":"qui-est-mamoudou-abdoulmoumini-le-nouveau-patron-de-lecole-veterinaire","status":"publish","type":"post","link":"https:\/\/linitiative.ca\/International\/qui-est-mamoudou-abdoulmoumini-le-nouveau-patron-de-lecole-veterinaire\/","title":{"rendered":"Qui est Mamoudou Abdoulmoumini, le nouveau patron de l\u2019\u00e9cole v\u00e9t\u00e9rinaire"},"content":{"rendered":"<div class=\"featured-area featured-area-inner\"><img loading=\"lazy\" decoding=\"async\" width=\"523\" height=\"390\" src=\"https:\/\/i0.wp.com\/ecomatin.net\/wp-content\/uploads\/2019\/04\/ecomatin.net-qui-est-mamoudou-abdoulmoumini-le-nouveau-patron-de-lecole-veterinaire-screenshot-215.png?resize=523%2C390&#038;ssl=1&#038;is-pending-load=1\" class=\"attachment-jannah-image-post size-jannah-image-post wp-post-image jetpack-lazy-image\" alt=\"\" data-attachment-id=\"7476\" data-permalink=\"https:\/\/ecomatin.net\/qui-est-mamoudou-abdoulmoumini-le-nouveau-patron-de-lecole-veterinaire\/screenshot-215\/\" data-orig-file=\"https:\/\/i0.wp.com\/ecomatin.net\/wp-content\/uploads\/2019\/04\/ecomatin.net-qui-est-mamoudou-abdoulmoumini-le-nouveau-patron-de-lecole-veterinaire-screenshot-215.png?fit=523%2C390&#038;ssl=1\" data-orig-size=\"523,390\" data-comments-opened=\"0\" data-image-meta=\"{\"aperture\":\"0\",\"credit\":\"\",\"camera\":\"\",\"caption\":\"\",\"created_timestamp\":\"0\",\"copyright\":\"\",\"focal_length\":\"0\",\"iso\":\"0\",\"shutter_speed\":\"0\",\"title\":\"\",\"orientation\":\"0\"}\" data-image-title=\"Screenshot (215)\" data-image-description=\"\" data-medium-file=\"https:\/\/i0.wp.com\/ecomatin.net\/wp-content\/uploads\/2019\/04\/ecomatin.net-qui-est-mamoudou-abdoulmoumini-le-nouveau-patron-de-lecole-veterinaire-screenshot-215.png?fit=300%2C224&#038;ssl=1\" data-large-file=\"https:\/\/i0.wp.com\/ecomatin.net\/wp-content\/uploads\/2019\/04\/ecomatin.net-qui-est-mamoudou-abdoulmoumini-le-nouveau-patron-de-lecole-veterinaire-screenshot-215.png?fit=523%2C390&#038;ssl=1\" data-lazy-srcset=\"https:\/\/i0.wp.com\/ecomatin.net\/wp-content\/uploads\/2019\/04\/ecomatin.net-qui-est-mamoudou-abdoulmoumini-le-nouveau-patron-de-lecole-veterinaire-screenshot-215.png?w=523&#038;ssl=1 523w, https:\/\/i0.wp.com\/ecomatin.net\/wp-content\/uploads\/2019\/04\/ecomatin.net-qui-est-mamoudou-abdoulmoumini-le-nouveau-patron-de-lecole-veterinaire-screenshot-215.png?resize=300%2C224&#038;ssl=1 300w\" data-lazy-sizes=\"(max-width: 523px) 100vw, 523px\" srcset=\"data:image\/gif;base64,R0lGODlhAQABAIAAAAAAAP\/\/\/yH5BAEAAAAALAAAAAABAAEAAAIBRAA7\"\/><\/div>\n<div class=\"entry-content entry clearfix\" readability=\"56.4192462988\">\n<p><a href=\"https:\/\/i0.wp.com\/ecomatin.net\/wp-content\/uploads\/2019\/04\/ecomatin.net-qui-est-mamoudou-abdoulmoumini-le-nouveau-patron-de-lecole-veterinaire-screenshot-215.png?ssl=1\"><\/p>\n<p><img loading=\"lazy\" decoding=\"async\" data-attachment-id=\"7476\" data-permalink=\"https:\/\/ecomatin.net\/qui-est-mamoudou-abdoulmoumini-le-nouveau-patron-de-lecole-veterinaire\/screenshot-215\/\" data-orig-file=\"https:\/\/i0.wp.com\/ecomatin.net\/wp-content\/uploads\/2019\/04\/ecomatin.net-qui-est-mamoudou-abdoulmoumini-le-nouveau-patron-de-lecole-veterinaire-screenshot-215.png?fit=523%2C390&#038;ssl=1\" data-orig-size=\"523,390\" data-comments-opened=\"0\" data-image-meta=\"{\"aperture\":\"0\",\"credit\":\"\",\"camera\":\"\",\"caption\":\"\",\"created_timestamp\":\"0\",\"copyright\":\"\",\"focal_length\":\"0\",\"iso\":\"0\",\"shutter_speed\":\"0\",\"title\":\"\",\"orientation\":\"0\"}\" data-image-title=\"Screenshot (215)\" data-image-description=\"\" data-medium-file=\"https:\/\/i0.wp.com\/ecomatin.net\/wp-content\/uploads\/2019\/04\/ecomatin.net-qui-est-mamoudou-abdoulmoumini-le-nouveau-patron-de-lecole-veterinaire-screenshot-215.png?fit=300%2C224&#038;ssl=1\" data-large-file=\"https:\/\/i0.wp.com\/ecomatin.net\/wp-content\/uploads\/2019\/04\/ecomatin.net-qui-est-mamoudou-abdoulmoumini-le-nouveau-patron-de-lecole-veterinaire-screenshot-215.png?fit=523%2C390&#038;ssl=1\" class=\" wp-image-7476 alignleft\" src=\"https:\/\/i0.wp.com\/ecomatin.net\/wp-content\/uploads\/2019\/04\/ecomatin.net-qui-est-mamoudou-abdoulmoumini-le-nouveau-patron-de-lecole-veterinaire-screenshot-215.png?resize=201%2C150&#038;ssl=1\" alt=\"\" width=\"201\" height=\"150\" srcset=\"https:\/\/i0.wp.com\/ecomatin.net\/wp-content\/uploads\/2019\/04\/ecomatin.net-qui-est-mamoudou-abdoulmoumini-le-nouveau-patron-de-lecole-veterinaire-screenshot-215.png?w=523&#038;ssl=1 523w, https:\/\/i0.wp.com\/ecomatin.net\/wp-content\/uploads\/2019\/04\/ecomatin.net-qui-est-mamoudou-abdoulmoumini-le-nouveau-patron-de-lecole-veterinaire-screenshot-215.png?resize=300%2C224&#038;ssl=1 300w\" sizes=\"auto, (max-width: 201px) 100vw, 201px\" data-recalc-dims=\"1\"\/><\/p>\n<p><\/a>Le <strong>professeur Mamoudou Abdoumoumini<\/strong> a le profil de l\u2019emploi. Il est le nouvel homme fort de l\u2019 l\u2019Ecole des sciences et de m\u00e9decine v\u00e9t\u00e9rinaires (<strong>Esmv<\/strong>) de l\u2019Universit\u00e9 de Ngaound\u00e9r\u00e9. C\u2019est par d\u00e9cret du pr\u00e9sident de la R\u00e9publique sign\u00e9 le 16 avril dernier\u00a0\u00a0que ce dernier a \u00e9t\u00e9 port\u00e9 au poste de directeur de l\u2019Ecole des sciences et de m\u00e9decine v\u00e9t\u00e9rinaires (Esmv) de l\u2019Universit\u00e9 de Ngaound\u00e9r\u00e9. Mamoudou Abdoumoumini qui jusqu\u2019ici \u00e9tait chef de d\u00e9partement dans la m\u00eame \u00e9cole remplace, le professeurEcole des sciences et de m\u00e9decine v\u00e9t\u00e9rinaires, relev\u00e9 de ses fonctions, apr\u00e8s 12 ans de service. Il \u00e9tait le premier chef de cet \u00e9tablissement. Andr\u00e9 Zoli Pagnah doit probablement sa chute aux gr\u00e8ves \u00e0 r\u00e9p\u00e9tition qui ont cours \u00e0 l\u2019Esmv de l\u2019Universit\u00e9 de Ngaound\u00e9r\u00e9 depuis plusieurs mois.<\/p>\n<p>Mamoudou Abdoulmoumini, maitre de conf\u00e9rences est n\u00e9 le 8 mai 1969 \u00e0 Ngaound\u00e9r\u00e9, entre autres d\u00e9tails de son cursus scolaire et universitaire, l\u2019on retient qu\u2019il est pass\u00e9 par le coll\u00e8ge protestant de Ngaound\u00e9r\u00e9 o\u00f9 il a obtenu le baccalaur\u00e9at en 1992. Des ann\u00e9es apr\u00e8s, il va fr\u00e9quenter l\u2019Acad\u00e9mie v\u00e9t\u00e9rinaire de Saratov en Russie et sort dipl\u00f4m\u00e9 en 1998 et l\u2019Universit\u00e9 libre de Berlin en Allemagne en 2007. Il suivra par la suite plusieurs autres formations et assumera de nombreux postes de responsabilit\u00e9 avant d\u2019\u00eatre port\u00e9 \u00e0 la t\u00eate de l\u2019Ecole des sciences et de m\u00e9decine v\u00e9t\u00e9rinaires cr\u00e9\u00e9e par d\u00e9cret pr\u00e9sidentiel le 19 janviers 1993. C\u2019est 15 ann\u00e9es plus tard que ladite \u00e9cole ouvre effectivement ses portes avec les premiers cours dispens\u00e9s le 12 f\u00e9vrier 2008. Elle compte \u00e0 cette \u00e9poque, 39 pensionnaires formant la premi\u00e8re cuv\u00e9e qui sort en 2013 apr\u00e8s six ann\u00e9es de formation.<\/p>\n<p>M\u00eame si l\u2019Esmv est pr\u00e9sent\u00e9e comme unique en son genre en Afrique centrale, parce qu\u2019ayant accueilli de nombreux \u00e9tudiants tant nationaux qu\u2019\u00e9trangers et ayant combl\u00e9 un d\u00e9ficit criard en sp\u00e9cialistes de ce secteur, il faut rappeler qu\u2019elle a connu plusieurs mouvements d\u2019humeur de ses apprenants. Lanc\u00e9e depuis le 3 d\u00e9cembre 2018, la gr\u00e8ve des \u00e9tudiants de l\u2019Esmv s\u2019est enlis\u00e9e au fil des jours. Les apprenants r\u00e9clament de meilleures conditions d\u2019\u00e9tudes. Dans une lettre adress\u00e9e au pr\u00e9sident de la R\u00e9publique, le 12 d\u00e9cembre 2018, les \u00e9tudiants rel\u00e8vent \u00ab\u00a0Nous faisons neuf ans pour devenir docteur en sciences v\u00e9t\u00e9rinaires au lieu de six ans. Il nous faut aussi six ans au lieu de trois pour devenir ing\u00e9nieur des travaux des services v\u00e9t\u00e9rinaires au lieu de six ans. Il y a neuf promotions de docteurs et six promotions d\u2019ing\u00e9nieurs qui sont bloqu\u00e9es et attendent leur sortie.\u00a0\u00bb<\/p>\n<div class=\"about-author about-author-box container-wrapper\">\n<div class=\"author-avatar\">\n<p><img decoding=\"async\" src=\"http:\/\/\" alt=\"\"\/><\/p>\n<\/div>\n<p><h4>La R\u00e9daction EcoMatin<\/h4>\n<\/p>\n<\/div>\n<div class=\"awac-wrapper awac widget blog_subscription-2\">\n<h4 class=\"widget-title\">Abonnez-vous \u00e0 notre lettre d&rsquo;information<\/h4>\n<\/div>\n<\/div>\n<div class=\"toggle-post-content clearfix\"><a id=\"toggle-post-button\" class=\"button\" href=\"#\">Afficher plus <\/a><\/div>\n<p>Auteur: EcoMatin<br \/>\n<a href=\"https:\/\/ecomatin.net\/qui-est-mamoudou-abdoulmoumini-le-nouveau-patron-de-lecole-veterinaire\/\">Cliquez ici pour lire l&rsquo;article depuis sa source.<\/a><\/p>\n","protected":false},"excerpt":{"rendered":"<p>Le professeur Mamoudou Abdoumoumini a le profil de l\u2019emploi. Il est le nouvel homme fort de l\u2019 l\u2019Ecole des sciences et de m\u00e9decine v\u00e9t\u00e9rinaires (Esmv) de l\u2019Universit\u00e9 de Ngaound\u00e9r\u00e9. C\u2019est par d\u00e9cret du pr\u00e9sident de la R\u00e9publique sign\u00e9 le 16 avril dernier\u00a0\u00a0que ce dernier a \u00e9t\u00e9 port\u00e9 au poste de directeur de l\u2019Ecole des sciences [&hellip;]<\/p>\n","protected":false},"author":1969,"featured_media":0,"comment_status":"closed","ping_status":"closed","sticky":false,"template":"","format":"standard","meta":{"fifu_image_url":"","fifu_image_alt":"","footnotes":""},"categories":[82,78],"tags":[],"class_list":["post-29472","post","type-post","status-publish","format-standard","hentry","category-cameroun","category-economie"],"_links":{"self":[{"href":"https:\/\/linitiative.ca\/International\/wp-json\/wp\/v2\/posts\/29472","targetHints":{"allow":["GET"]}}],"collection":[{"href":"https:\/\/linitiative.ca\/International\/wp-json\/wp\/v2\/posts"}],"about":[{"href":"https:\/\/linitiative.ca\/International\/wp-json\/wp\/v2\/types\/post"}],"author":[{"embeddable":true,"href":"https:\/\/linitiative.ca\/International\/wp-json\/wp\/v2\/users\/1969"}],"replies":[{"embeddable":true,"href":"https:\/\/linitiative.ca\/International\/wp-json\/wp\/v2\/comments?post=29472"}],"version-history":[{"count":0,"href":"https:\/\/linitiative.ca\/International\/wp-json\/wp\/v2\/posts\/29472\/revisions"}],"wp:attachment":[{"href":"https:\/\/linitiative.ca\/International\/wp-json\/wp\/v2\/media?parent=29472"}],"wp:term":[{"taxonomy":"category","embeddable":true,"href":"https:\/\/linitiative.ca\/International\/wp-json\/wp\/v2\/categories?post=29472"},{"taxonomy":"post_tag","embeddable":true,"href":"https:\/\/linitiative.ca\/International\/wp-json\/wp\/v2\/tags?post=29472"}],"curies":[{"name":"wp","href":"https:\/\/api.w.org\/{rel}","templated":true}]}}