{"id":29495,"date":"2019-04-23T10:40:48","date_gmt":"2019-04-23T14:40:48","guid":{"rendered":"https:\/\/linitiative.ca\/International\/societe-assurances-multirisques-ittihad-ami-assurances\/"},"modified":"2019-04-23T10:40:48","modified_gmt":"2019-04-23T14:40:48","slug":"societe-assurances-multirisques-ittihad-ami-assurances","status":"publish","type":"post","link":"https:\/\/linitiative.ca\/International\/societe-assurances-multirisques-ittihad-ami-assurances\/","title":{"rendered":"SOCIETE ASSURANCES MULTIRISQUES ITTIHAD \u2013 AMI ASSURANCES"},"content":{"rendered":"<p>S.A SOCIETE ANONYME FAISANT APPEL PUBLIC A L\u2019EPARGNE AU CAPITAL SOCIAL DE 23.135.980 DT<\/p>\n<p>SIEGE SOCIAL : CITE LES PINS, LES BERGES DU LAC II, 1053, TUNIS \u2013 TUNISIE MF : 845686 P\/P\/M\/000<\/p>\n<p>\u2013 RC : B138682003<\/p>\n<p><strong>LES RESOLUTIONS ADOPTEES PAR L\u2019ASSEMBLEE GENERALE EXTRAORDINAIRE DU 13 AVRIL 2019<\/strong><\/p>\n<p><strong>PREMIERE RESOLUTION<\/strong><\/p>\n<p>L\u2019Assembl\u00e9e G\u00e9n\u00e9rale Extraordinaire, apr\u00e8s avoir entendu la lecture du rapport du Conseil d\u2019Administration de la Soci\u00e9t\u00e9 relatif \u00e0 la situation financi\u00e8re de la Soci\u00e9t\u00e9, l\u2019approuve dans sa globalit\u00e9. Cette r\u00e9solution, mise aux voix, est adopt\u00e9e \u00e0 l\u2019unanimit\u00e9 des actionnaires pr\u00e9sents ou repr\u00e9sent\u00e9s.<\/p>\n<p>DEUXIEME RESOLUTION<\/p>\n<p>L\u2019Assembl\u00e9e G\u00e9n\u00e9rale Extraordinaire, apr\u00e8s avoir entendu la lecture du rapport du Conseil d\u2019Administration de la Soci\u00e9t\u00e9 indiquant que les fonds propres de la Soci\u00e9t\u00e9 sont devenus inf\u00e9rieurs \u00e0 la moiti\u00e9 du montant du capital social suite aux pertes cumul\u00e9es subies par la Soci\u00e9t\u00e9, d\u00e9cide, en application de l\u2019article 388 du Code des Soci\u00e9t\u00e9s Commerciales, de ne pas prononcer la dissolution anticip\u00e9e de la soci\u00e9t\u00e9 mais sa continuit\u00e9 et la poursuite de ses activit\u00e9s. En cons\u00e9quence, l\u2019Assembl\u00e9e G\u00e9n\u00e9rale Extraordinaire d\u00e9cide de ne pas nommer de liquidateur. Une Assembl\u00e9e G\u00e9n\u00e9rale Extraordinaire sera convoqu\u00e9e dans les d\u00e9lais l\u00e9gaux, afin de statuer sur une augmentation de capital en num\u00e9raire. Dans ce cadre, les actionnaires s\u2019engagent d\u2019ores et d\u00e9j\u00e0 \u00e0 tenir cette Assembl\u00e9e G\u00e9n\u00e9rale Extraordinaire devant statuer sur une augmentation de capital en num\u00e9raire, et ce dans les d\u00e9lais l\u00e9gaux. Cette r\u00e9solution, mise aux voix, est adopt\u00e9e \u00e0 l\u2019unanimit\u00e9 des actionnaires pr\u00e9sents ou repr\u00e9sent\u00e9s.<\/p>\n<p>TROISIEME RESOLUTION<\/p>\n<p>L\u2019Assembl\u00e9e G\u00e9n\u00e9rale Extraordinaire conf\u00e8re tous les pouvoirs, au Directeur G\u00e9n\u00e9ral de la Soci\u00e9t\u00e9 et\/ou \u00e0 toute personne qui pourra \u00eatre mandat\u00e9e par lui, pour accomplir toutes formalit\u00e9s l\u00e9gales requises et notamment celle d\u2019enregistrement, de d\u00e9p\u00f4t et de publication du pr\u00e9sent proc\u00e8s-verbal et toutes autres formalit\u00e9s pr\u00e9vues par la loi. Cette r\u00e9soluti<\/p>\n<p class=\"dpsp-share-text\">Partager c&rsquo;est aimer!<\/p>\n<div class=\"wp-post-author-wrap wp-post-author-shortcode left\">\n<h3 class=\"awpa-title\"\/>\n<div class=\"wp-post-author\">\n<div class=\"awpa-img awpa-author-block square\"><a href=\"http:\/\/lexpertjournal.net\/fr\/author\/expert\/\"><img loading=\"lazy\" decoding=\"async\" alt=\"\" src=\"http:\/\/2.gravatar.com\/avatar\/56d99be2a6f97af88ccb49fada637fcd?s=150&#038;d=mm&#038;r=g\" srcset=\"http:\/\/2.gravatar.com\/avatar\/56d99be2a6f97af88ccb49fada637fcd?s=300&#038;d=mm&#038;r=g 2x\" class=\"avatar avatar-150 photo\" height=\"150\" width=\"150\"\/><\/a><\/div>\n<\/div>\n<\/div>\n<p>Auteur: L&rsquo;expert<br \/>\n<a href=\"http:\/\/lexpertjournal.net\/fr\/2019\/04\/23\/societe-assurances-multirisques-ittihad-ami-assurances\/\">Cliquez ici pour lire l&rsquo;article depuis sa source.<\/a><\/p>\n","protected":false},"excerpt":{"rendered":"<p>S.A SOCIETE ANONYME FAISANT APPEL PUBLIC A L\u2019EPARGNE AU CAPITAL SOCIAL DE 23.135.980 DT SIEGE SOCIAL : CITE LES PINS, LES BERGES DU LAC II, 1053, TUNIS \u2013 TUNISIE MF : 845686 P\/P\/M\/000 \u2013 RC : B138682003 LES RESOLUTIONS ADOPTEES PAR L\u2019ASSEMBLEE GENERALE EXTRAORDINAIRE DU 13 AVRIL 2019 PREMIERE RESOLUTION L\u2019Assembl\u00e9e G\u00e9n\u00e9rale Extraordinaire, apr\u00e8s avoir [&hellip;]<\/p>\n","protected":false},"author":1775,"featured_media":0,"comment_status":"closed","ping_status":"closed","sticky":false,"template":"","format":"standard","meta":{"fifu_image_url":"","fifu_image_alt":"","footnotes":""},"categories":[78,55],"tags":[],"class_list":["post-29495","post","type-post","status-publish","format-standard","hentry","category-economie","category-tunisie"],"_links":{"self":[{"href":"https:\/\/linitiative.ca\/International\/wp-json\/wp\/v2\/posts\/29495","targetHints":{"allow":["GET"]}}],"collection":[{"href":"https:\/\/linitiative.ca\/International\/wp-json\/wp\/v2\/posts"}],"about":[{"href":"https:\/\/linitiative.ca\/International\/wp-json\/wp\/v2\/types\/post"}],"author":[{"embeddable":true,"href":"https:\/\/linitiative.ca\/International\/wp-json\/wp\/v2\/users\/1775"}],"replies":[{"embeddable":true,"href":"https:\/\/linitiative.ca\/International\/wp-json\/wp\/v2\/comments?post=29495"}],"version-history":[{"count":0,"href":"https:\/\/linitiative.ca\/International\/wp-json\/wp\/v2\/posts\/29495\/revisions"}],"wp:attachment":[{"href":"https:\/\/linitiative.ca\/International\/wp-json\/wp\/v2\/media?parent=29495"}],"wp:term":[{"taxonomy":"category","embeddable":true,"href":"https:\/\/linitiative.ca\/International\/wp-json\/wp\/v2\/categories?post=29495"},{"taxonomy":"post_tag","embeddable":true,"href":"https:\/\/linitiative.ca\/International\/wp-json\/wp\/v2\/tags?post=29495"}],"curies":[{"name":"wp","href":"https:\/\/api.w.org\/{rel}","templated":true}]}}