{"id":29509,"date":"2019-04-23T05:55:12","date_gmt":"2019-04-23T09:55:12","guid":{"rendered":"https:\/\/linitiative.ca\/International\/marrakech-safi-tenue-de-la-2eme-session-regionale-du-parlement-de-lenfant\/"},"modified":"2019-04-23T05:55:12","modified_gmt":"2019-04-23T09:55:12","slug":"marrakech-safi-tenue-de-la-2eme-session-regionale-du-parlement-de-lenfant","status":"publish","type":"post","link":"https:\/\/linitiative.ca\/International\/marrakech-safi-tenue-de-la-2eme-session-regionale-du-parlement-de-lenfant\/","title":{"rendered":"Marrakech-Safi : Tenue de la 2\u00e8me session r\u00e9gionale du Parlement de l\u2019Enfant"},"content":{"rendered":"<div readability=\"36\">\n<p>Marrakech- Les travaux de la 2\u00e8me session r\u00e9gionale du Parlement de l\u2019Enfant au niveau de la r\u00e9gion de Marrakech-Safi ont \u00e9t\u00e9 ouverts, lundi dans la cit\u00e9 ocre, au si\u00e8ge de l\u2019Acad\u00e9mie r\u00e9gionale de l\u2019Education et de la Formation (AREF).<\/p>\n<\/div>\n<div readability=\"135\">\n<p>Organis\u00e9e par l\u2019Observatoire Nationale des Droits de l\u2019Enfant (ONDE) en partenariat avec le minist\u00e8re de l\u2019Education Nationale, de la Formation professionnelle, de l\u2019Enseignement sup\u00e9rieur et de la Recherche scientifique, cette session s\u2019inscrit dans le cadre de la mise en \u0153uvre de l\u2019agenda de l\u2019Enfant Parlementaire aux niveaux local et r\u00e9gional.<\/p>\n<p>Elle a pour objectif de former et outiller les enfants parlementaires, en tant qu\u2019ambassadeurs de l\u2019enfance au niveau de leurs territoires, pour qu\u2019ils puissent mettre en \u0153uvre leurs plans d\u2019action et initier des actions de sensibilisation, de plaidoyer et de terrain dans leurs \u00e9coles, leurs quartiers, leurs communes et leurs villes.<\/p>\n<p>Ainsi, au niveau de la r\u00e9gion Marrakech-Safi, les enfants parlementaires ont choisi d\u2019entamer la mise en \u0153uvre de leur agenda en plaidant pour la protection de l\u2019environnement et de l\u2019\u00e9conomie d\u2019eau.<\/p>\n<p>A cet effet, \u00e0 travers des ateliers interactifs, encadr\u00e9s par l\u2019Association des enseignants des sciences de la vie et de la terre, les enfants parlementaires prendront connaissance des diff\u00e9rentes strat\u00e9gies visant \u00e0 prot\u00e9ger l\u2019environnement, notamment la strat\u00e9gie du d\u00e9veloppement durable, et m\u00e8neront une action, aupr\u00e8s des familles, pour contribuer \u00e0 la protection de l\u2019environnement et \u00e0 la mise en \u0153uvre des objectifs de d\u00e9veloppement durable.<\/p>\n<p>Cette session vise aussi \u00e0 accompagner les enfants parlementaires dans la mise en \u0153uvre de leur agenda sur le terrain \u00e0 travers une s\u00e9rie d\u2019activit\u00e9s et actions, outre leur information sur le manifeste des droits de l\u2019Enfant et l\u2019examen des moyens qui contribueront \u00e0 sa diffusion.<\/p>\n<p>Elle intervient \u00e9galement en perspective de la pr\u00e9paration de la session nationale du Parlement de l\u2019Enfant qui sera organis\u00e9e sous le Haut Patronage de SM le Roi Mohammed VI et sous la pr\u00e9sidence effective de SAR la Princesse Lalla Meryem au si\u00e8ge du Parlement.<\/p>\n<p>Intervenant \u00e0 cette occasion, le directeur de l\u2019AREF de Marrakech-Safi, Ahmed Karimi, a indiqu\u00e9 que cette session r\u00e9gionale de l\u2019enfant parlementaire vise \u00e0 accompagner ces enfants dans la mise en \u0153uvre d\u2019actions de sensibilisation, de plaidoyer et de terrain dans leur ville, leurs \u00e9tablissements scolaires et leurs quartiers, tout en saluant l\u2019enthousiasme et l\u2019engagement des enfants parlementaires de la r\u00e9gion \u00e0 mettre en application des actions qui sont au coeur des pr\u00e9occupations sur les plans local et r\u00e9gional.<\/p>\n<p>M. Karimi a pr\u00e9cis\u00e9 que l\u2019appui de la soci\u00e9t\u00e9 civile aux initiatives de ces enfants parlementaires constitue une v\u00e9ritable opportunit\u00e9 pour explorer de nouvelles id\u00e9es et axes de travail pour leur agenda d\u2019action aux niveaux local et r\u00e9gional, rappelant que cette session sera marqu\u00e9e par la tenue d\u2019une s\u00e9ance pr\u00e9paratoire pour la mise en \u0153uvre de l\u2019agenda de l\u2019enfant parlementaire et la planification des actions futures, outre la pr\u00e9sentation du manifeste des droits de l\u2019enfant.<\/p>\n<p>De son c\u00f4t\u00e9, le repr\u00e9sentant de l\u2019ONDE, Hicham Berkia a relev\u00e9 que cette session r\u00e9gionale se veut une occasion pour le lancement de la mise en \u0153uvre de l\u2019agenda d\u2019actions interactives des enfants parlementaires au niveau de la r\u00e9gion Marrakech-Safi, sous l\u2019encadrement de l\u2019AREF et de la soci\u00e9t\u00e9 civile, ajoutant que ces actions ont \u00e9t\u00e9 \u00e9labor\u00e9es selon les priorit\u00e9s sp\u00e9cifiques \u00e0 la r\u00e9gion par ces enfants eux-m\u00eames qui ont choisi comme th\u00e9matique la protection de l\u2019environnement et l\u2019\u00e9conomie d\u2019eau.<\/p>\n<p>Et de poursuivre que les enfants parlementaires sont des acteurs agissants pour la promotion des droits de leurs pairs et s\u2019engagent \u00e0 porter leurs causes \u00e0 travers des actions concr\u00e8tes men\u00e9es sur le terrain, qu\u2019ils ont identifi\u00e9es eux-m\u00eames, selon des priorit\u00e9s \u00e0 l\u2019\u00e9chelle aussi bien locale que r\u00e9gionale.<\/p>\n<p>Il a rappel\u00e9 que le Parlement de l\u2019Enfant, qui \u0153uvre sous l\u2019\u00e9gide de l\u2019Observatoire National des Droits de l\u2019Enfant, est un jalon essentiel dans le processus de mise en \u0153uvre de la Convention des Nations Unies des Droits de l\u2019Enfant, et se veut un espace de participation effective et d\u2019\u00e9ducation \u00e0 la citoyennet\u00e9 et \u00e0 la d\u00e9mocratie.<\/p>\n<p>Le programme de cette session r\u00e9gionale comprend une s\u00e9rie d\u2019ateliers interactifs se rapportant notamment \u00e0 \u00ab\u00a0la planification pour la mise en \u0153uvre de l\u2019agenda de l\u2019enfant parlementaire sur les plans r\u00e9gional et local\u00a0\u00bb, et \u00e0 \u00ab\u00a0la r\u00e9alisation des objectifs du d\u00e9veloppement durable, quel r\u00f4le \u00e0 jouer par l\u2019enfant parlementaire?\u00a0\u00bb.<\/p>\n<p>A signaler que les priorit\u00e9s des enfants parlementaires au niveau de la r\u00e9gion de Marrakech-Safi concernent essentiellement les infrastructures, la discrimination et la lutte contre la violence en milieu scolaire, les enfants en situation difficile, la pollution de l\u2019eau, la protection de l\u2019environnement, la promotion de l\u2019espace scolaire, le mariage pr\u00e9coce et l\u2019\u00e9galit\u00e9 des chances en mati\u00e8re d\u2019acc\u00e8s \u00e0 la connaissance.<\/p>\n<\/div>\n<p>Auteur: Mohammed KOURSI<br \/>\n<a href=\"http:\/\/www.mapmarrakech.ma\/fr\/marrakech-safi-tenue-de-la-2eme-session-regionale-du-parlement-de-lenfant\/\">Cliquez ici pour lire l&rsquo;article depuis sa source.<\/a><\/p>\n","protected":false},"excerpt":{"rendered":"<p>Marrakech- Les travaux de la 2\u00e8me session r\u00e9gionale du Parlement de l\u2019Enfant au niveau de la r\u00e9gion de Marrakech-Safi ont \u00e9t\u00e9 ouverts, lundi dans la cit\u00e9 ocre, au si\u00e8ge de l\u2019Acad\u00e9mie r\u00e9gionale de l\u2019Education et de la Formation (AREF). Organis\u00e9e par l\u2019Observatoire Nationale des Droits de l\u2019Enfant (ONDE) en partenariat avec le minist\u00e8re de l\u2019Education [&hellip;]<\/p>\n","protected":false},"author":1788,"featured_media":0,"comment_status":"closed","ping_status":"closed","sticky":false,"template":"","format":"standard","meta":{"fifu_image_url":"","fifu_image_alt":"","footnotes":""},"categories":[54,76],"tags":[],"class_list":["post-29509","post","type-post","status-publish","format-standard","hentry","category-maroc","category-regions"],"_links":{"self":[{"href":"https:\/\/linitiative.ca\/International\/wp-json\/wp\/v2\/posts\/29509","targetHints":{"allow":["GET"]}}],"collection":[{"href":"https:\/\/linitiative.ca\/International\/wp-json\/wp\/v2\/posts"}],"about":[{"href":"https:\/\/linitiative.ca\/International\/wp-json\/wp\/v2\/types\/post"}],"author":[{"embeddable":true,"href":"https:\/\/linitiative.ca\/International\/wp-json\/wp\/v2\/users\/1788"}],"replies":[{"embeddable":true,"href":"https:\/\/linitiative.ca\/International\/wp-json\/wp\/v2\/comments?post=29509"}],"version-history":[{"count":0,"href":"https:\/\/linitiative.ca\/International\/wp-json\/wp\/v2\/posts\/29509\/revisions"}],"wp:attachment":[{"href":"https:\/\/linitiative.ca\/International\/wp-json\/wp\/v2\/media?parent=29509"}],"wp:term":[{"taxonomy":"category","embeddable":true,"href":"https:\/\/linitiative.ca\/International\/wp-json\/wp\/v2\/categories?post=29509"},{"taxonomy":"post_tag","embeddable":true,"href":"https:\/\/linitiative.ca\/International\/wp-json\/wp\/v2\/tags?post=29509"}],"curies":[{"name":"wp","href":"https:\/\/api.w.org\/{rel}","templated":true}]}}