{"id":29510,"date":"2019-04-23T06:15:52","date_gmt":"2019-04-23T10:15:52","guid":{"rendered":"https:\/\/linitiative.ca\/International\/fiab-2019-a-essaouira-focus-sur-la-beaute-et-linnovation-comme-vecteurs-de-leconomie-responsable-en-afrique\/"},"modified":"2019-04-23T06:15:52","modified_gmt":"2019-04-23T10:15:52","slug":"fiab-2019-a-essaouira-focus-sur-la-beaute-et-linnovation-comme-vecteurs-de-leconomie-responsable-en-afrique","status":"publish","type":"post","link":"https:\/\/linitiative.ca\/International\/fiab-2019-a-essaouira-focus-sur-la-beaute-et-linnovation-comme-vecteurs-de-leconomie-responsable-en-afrique\/","title":{"rendered":"FIAB-2019 \u00e0 Essaouira : Focus sur la beaut\u00e9 et l\u2019innovation comme vecteurs de l\u2019\u00e9conomie responsable en Afrique"},"content":{"rendered":"<div readability=\"39\">\n<p>Essaouira- Un ar\u00e9opage de professionnels, d\u2019experts et de partenaires dans le domaine de la cosm\u00e9tique et de la beaut\u00e9 repr\u00e9sentant le Maroc ainsi que des pays \u00e9trangers, se sont donn\u00e9 rendez-vous, lundi soir \u00e0 Essaouira, dans le cadre de la sixi\u00e8me \u00e9dition du Forum International \u00ab\u00a0Afrique et Beaut\u00e9\u00a0\u00bb (FIAB-2019).<\/p>\n<\/div>\n<div readability=\"164\">\n<p>Initi\u00e9 sous le th\u00e8me \u00a0\u00bbbeaut\u00e9 et innovation : vers une \u00e9conomie responsable en Afrique\u00a0\u00bb, ce forum qui se poursuivra jusqu\u2019au 26 avril, est organis\u00e9 conjointement par l\u2019Association marocaine \u00ab\u00a0Ibn Al Baytar\u00a0\u00bb et l\u2019association burkinab\u00e8 \u00ab\u00a0Nature et culture\u00a0\u00bb (ANCB).<\/p>\n<p>Le conclave d\u2019Essaouira, qui se tient apr\u00e8s 4 \u00e9ditions organis\u00e9es au Burkina Faso, et une cinqui\u00e8me d\u00e9localis\u00e9e en 2017 \u00e0 Lom\u00e9 au Togo, est plac\u00e9 sous l\u2019\u00e9gide du secr\u00e9tariat d\u2019Etat aupr\u00e8s du minist\u00e8re de l\u2019\u00e9nergie, des mines, et du d\u00e9veloppement durable, charg\u00e9 du d\u00e9veloppement durable.<\/p>\n<p>Le choix du Maroc pour abriter cette nouvelle \u00e9dition s\u2019explique par les traditions s\u00e9culaires du Royaume, celles li\u00e9es \u00e0 la beaut\u00e9 et aux plantes qu\u2019elles soient m\u00e9dicinales, aromatiques ou cosm\u00e9tiques, expliquent les organisateurs.<\/p>\n<p>Intervenant au nom du comit\u00e9 d\u2019organisation \u00e0 l\u2019ouverture de ce conclave, Mme Zoubida Charrouf, a relev\u00e9 que le choix du Maroc a \u00e9t\u00e9 motiv\u00e9 par sa richesse floristique, mais aussi parce que le Royaume a des traditions li\u00e9es \u00e0 la beaut\u00e9 et aux plantes, qu\u2019elles soient m\u00e9dicinales, aromatiques ou cosm\u00e9tiques.<\/p>\n<p>Et de poursuivre que le Maroc dispose aussi de nombreux atouts \u00e0 offrir, comme de beaux paysages, des villes historiques, une excellente cuisine et surtout une stabilit\u00e9 politique, relevant que le FIAB est une manifestation internationale importante dans le secteur de la valorisation de la biodiversit\u00e9 africaine et dans le renforcement des alliances entre les compagnies cosm\u00e9tiques africaines et internationales.<\/p>\n<p>\u00a0\u00bbLe FIAB int\u00e9resse \u00e9galement la communaut\u00e9 des chercheurs, \u00e0 l\u2019aff\u00fbt des tendances dans le secteur de la cosm\u00e9tique v\u00e9g\u00e9tale\u00a0\u00bb, a-t-elle expliqu\u00e9, notant que le th\u00e8me de cette \u00e9dition cherche \u00e0 reprendre et d\u00e9velopper des notions d\u00e9j\u00e0 \u00e9voqu\u00e9es dans les pr\u00e9c\u00e9dents FIAB, tout en tenant compte de l\u2019\u00e9volution des m\u00e9tiers de la beaut\u00e9 et des l\u00e9gislations \u00e0 travers le monde.<\/p>\n<p>\u00a0\u00bbNous introduirons cette notion d\u2019\u00e9conomie responsable sans laquelle nous pensons que les fili\u00e8res actuelles et les produits cosm\u00e9tiques ne seront bient\u00f4t plus en ad\u00e9quation avec les consommateurs qui demandent, certes la qualit\u00e9 et l\u2019efficacit\u00e9, mais aussi la prise en compte des aspects socio-\u00e9conomiques (politique RSE) et une meilleure gestion de l\u2019Environnement (de la Nature)\u00a0\u00bb, a-t-elle pr\u00e9cis\u00e9.<\/p>\n<p>Les FIAB se veulent un espace, certes professionnel et scientifique, mais aussi et surtout convivial, o\u00f9 les rencontres et les \u00e9changes comptent autant que les conf\u00e9rences \u00ab\u00a0magistrales\u00a0\u00bb, a fait savoir Mme Charrouf, affirmant : \u00a0\u00bbnous construirons ensemble la cosm\u00e9tique de demain, alliant exp\u00e9riences locales et internationales, une cosm\u00e9tique \u00e0 la fois inspir\u00e9e par les Traditions et par la Biodiversit\u00e9 de l\u2019Afrique. Continent mill\u00e9naire, certes, mais Continent de l\u2019avenir \u00e9galement pour les m\u00e9tiers de la Beaut\u00e9\u00a0\u00bb.<\/p>\n<p>De son c\u00f4t\u00e9, Olivier Marc, pr\u00e9sident de l\u2019ANCB, a mis en relief les traditions li\u00e9es aux plantes et \u00e0 la beaut\u00e9 au Maroc, h\u00e9ritage des cultures des diff\u00e9rents peuples qui y r\u00e9sident, notant que le choix du Royaume pour d\u00e9localiser le FIAB s\u2019explique aussi par la pr\u00e9sence d\u2019entreprises li\u00e9es au secteur des plantes aromatiques et m\u00e9dicinales, mais aussi de nombreux instituts de recherche et d\u2019universit\u00e9s poss\u00e9dant de grandes capacit\u00e9s de recherche.<\/p>\n<p>Tout en insistant sur la n\u00e9cessit\u00e9 de placer l\u2019homme au coeur de l\u2019entreprise pour la cr\u00e9ation d\u2019une \u00ab\u00a0\u00e9conomie nouvelle\u00a0\u00bb, il a plaid\u00e9 en faveur de la f\u00e9d\u00e9ration des efforts de tous pour pr\u00e9server ce secteur et en faire un v\u00e9ritable levier de croissance et ce, dans le cadre d\u2019une \u00e9conomie responsable en Afrique.<\/p>\n<p>Et de poursuivre que le FIAB \u00e0 Essaouira para\u00eet \u00ab\u00a0\u00e9vident\u2019\u00a0\u00bb et \u00ab\u00a0rassembleur\u00a0\u00bb, en ce sens qu\u2019il permet de poursuivre la d\u00e9marche du Forum qui consiste \u00e0 inviter tous les acteurs des fili\u00e8res de la beaut\u00e9 (d\u00e9tenteurs des savoirs traditionnels, r\u00e9colteurs, cultivateurs de plantes, associations f\u00e9minines, \u00e9tudiants et chercheurs universitaires, institutions, transformateurs locaux et internationaux, producteurs d\u2019actifs cosm\u00e9tiques et utilisateurs finaux), pour des journ\u00e9es d\u2019\u00e9change fructueux.<\/p>\n<p>Le Forum d\u2019Essaouira abordera des aspects classiques ou plus innovants, entre autres \u2018\u2019la mise en place de fili\u00e8res durables de plantes \u00e0 vis\u00e9e cosm\u00e9tique en Afrique\u00a0\u00bb, \u00ab\u00a0les r\u00e9sultats des recherches sur les plantes africaines par de grands noms de la cosm\u00e9tique\u00a0\u00bb, \u00ab\u00a0l\u2019apport du tourisme durable pour les m\u00e9tiers de la beaut\u00e9\u00a0\u00bb, et \u2018\u00a0\u00bble d\u00e9veloppement de r\u00e9seaux pour la professionnalisation des acteurs locaux et le d\u00e9veloppement de l\u2019entreprenariat cosm\u00e9tique en Afrique\u00a0\u00bb.<\/p>\n<p>Au menu de ce Forum, figure \u00e9galement une journ\u00e9e d\u00e9di\u00e9e \u00e0 la rencontre des femmes des coop\u00e9ratives de l\u2019huile d\u2019Argan, fili\u00e8re majeure de la cosm\u00e9tique au Maroc, en vue de tirer les le\u00e7ons de cette r\u00e9ussite \u00ab\u00a0100% marocaine\u00a0\u00bb, mais aussi \u00e0 la plantation d\u2019arganiers.<\/p>\n<p>Les participants \u00e0 ce Forum seront \u00e9galement au rendez-vous avec une s\u00e9rie d\u2019ateliers th\u00e9matiques traitant de sujets en rapport avec \u2018\u2019le protocole de Nagoya : concilier les int\u00e9r\u00eats locaux et ceux des utilisateurs finaux\u2019\u2019, \u00ab\u00a0syst\u00e8mes participatifs de garantie : une alternative pour les certifications biologique et \u00e9quitable\u00a0\u00bb, \u00ab\u00a0Packaging : Vers une fili\u00e8re \u00e9co-responsable en Afrique\u00a0\u00bb et \u00ab\u00a0Qualit\u00e9 et s\u00e9curit\u00e9 des cosm\u00e9tiques\u00a0\u00bb.<\/p>\n<p>Les diff\u00e9rentes recommandations issues de ces ateliers seront ins\u00e9r\u00e9es dans un document final qui sera baptis\u00e9 \u00ab\u00a0D\u00e9claration d\u2019Essaouira\u00a0\u00bb, qui sanctionnera les travaux du FIAB-2019.<\/p>\n<\/div>\n<p>Auteur: Mohammed KOURSI<br \/>\n<a href=\"http:\/\/www.mapmarrakech.ma\/fr\/fiab-2019-a-essaouira-focus-sur-la-beaute-et-linnovation-comme-vecteurs-de-leconomie-responsable-en-afrique\/\">Cliquez ici pour lire l&rsquo;article depuis sa source.<\/a><\/p>\n","protected":false},"excerpt":{"rendered":"<p>Essaouira- Un ar\u00e9opage de professionnels, d\u2019experts et de partenaires dans le domaine de la cosm\u00e9tique et de la beaut\u00e9 repr\u00e9sentant le Maroc ainsi que des pays \u00e9trangers, se sont donn\u00e9 rendez-vous, lundi soir \u00e0 Essaouira, dans le cadre de la sixi\u00e8me \u00e9dition du Forum International \u00ab\u00a0Afrique et Beaut\u00e9\u00a0\u00bb (FIAB-2019). Initi\u00e9 sous le th\u00e8me \u00a0\u00bbbeaut\u00e9 et [&hellip;]<\/p>\n","protected":false},"author":1788,"featured_media":0,"comment_status":"closed","ping_status":"closed","sticky":false,"template":"","format":"standard","meta":{"fifu_image_url":"","fifu_image_alt":"","footnotes":""},"categories":[54,76],"tags":[],"class_list":["post-29510","post","type-post","status-publish","format-standard","hentry","category-maroc","category-regions"],"_links":{"self":[{"href":"https:\/\/linitiative.ca\/International\/wp-json\/wp\/v2\/posts\/29510","targetHints":{"allow":["GET"]}}],"collection":[{"href":"https:\/\/linitiative.ca\/International\/wp-json\/wp\/v2\/posts"}],"about":[{"href":"https:\/\/linitiative.ca\/International\/wp-json\/wp\/v2\/types\/post"}],"author":[{"embeddable":true,"href":"https:\/\/linitiative.ca\/International\/wp-json\/wp\/v2\/users\/1788"}],"replies":[{"embeddable":true,"href":"https:\/\/linitiative.ca\/International\/wp-json\/wp\/v2\/comments?post=29510"}],"version-history":[{"count":0,"href":"https:\/\/linitiative.ca\/International\/wp-json\/wp\/v2\/posts\/29510\/revisions"}],"wp:attachment":[{"href":"https:\/\/linitiative.ca\/International\/wp-json\/wp\/v2\/media?parent=29510"}],"wp:term":[{"taxonomy":"category","embeddable":true,"href":"https:\/\/linitiative.ca\/International\/wp-json\/wp\/v2\/categories?post=29510"},{"taxonomy":"post_tag","embeddable":true,"href":"https:\/\/linitiative.ca\/International\/wp-json\/wp\/v2\/tags?post=29510"}],"curies":[{"name":"wp","href":"https:\/\/api.w.org\/{rel}","templated":true}]}}