{"id":29544,"date":"2019-04-23T15:14:17","date_gmt":"2019-04-23T19:14:17","guid":{"rendered":"https:\/\/linitiative.ca\/International\/international-real-les-intentions-de-gareth-bale\/"},"modified":"2019-04-23T15:14:17","modified_gmt":"2019-04-23T19:14:17","slug":"international-real-les-intentions-de-gareth-bale","status":"publish","type":"post","link":"https:\/\/linitiative.ca\/International\/international-real-les-intentions-de-gareth-bale\/","title":{"rendered":"International : Real : Les intentions de Gareth Bale"},"content":{"rendered":"<div readability=\"32\">\n<p>Auteur : <span class=\"time\">mardi 23 avril 2019 11:27<\/span><\/p>\n<\/div>\n<div id=\"post_core\" readability=\"46\">\n<p>Un fait qui pourrait faire les affaires de Gareth Bale, qui souhaite rester \u00e0 Madrid, comme l\u2019indique AS. L\u2019entourage de l\u2019attaquant gallois fait tout pour convaincre la direction madril\u00e8ne de conserver l\u2019attaquant, notamment son agent, Jonathan Barnett, qui avait d\u00e9j\u00e0 indiqu\u00e9 d\u00e9but avril que\u00a0: \u00a0\u00bb Il est tr\u00e8s heureux ici. Il est joueur du Real Madrid. Il ne pense pas \u00e0 revenir en Angleterre. Je ne peux pas pr\u00e9dire l\u2019avenir, mais pour l\u2019instant, il est tr\u00e8s heureux.\u00a0\u00bb Si jamais aucune offre de transfert satisfaisante n\u2019arrivait sur la table des Merengues concernant Bale, que ce soit pour un achat ou un pr\u00eat, la direction du Real serait pr\u00eate \u00e0 conserver l\u2019ailier une saison de plus comme l&rsquo;indique Footmercato.<\/p>\n<p><strong>Publi\u00e9 dans :<\/strong> <span>real madrid<\/span><\/p>\n<\/div>\n<p>Auteur:<br \/>\n<a href=\"http:\/\/www.lebuteur.com\/article\/detail?titre=real-les-intentions-de-gareth-bale&#038;id=88228&#038;utm_source=feedburner&#038;utm_medium=feed&#038;utm_campaign=Feed%3A+GalerieFArtciles+%28Les+derniers+articles++-+lebuteur.com%29\">Cliquez ici pour lire l&rsquo;article depuis sa source.<\/a><\/p>\n","protected":false},"excerpt":{"rendered":"<p>Auteur : mardi 23 avril 2019 11:27 Un fait qui pourrait faire les affaires de Gareth Bale, qui souhaite rester \u00e0 Madrid, comme l\u2019indique AS. L\u2019entourage de l\u2019attaquant gallois fait tout pour convaincre la direction madril\u00e8ne de conserver l\u2019attaquant, notamment son agent, Jonathan Barnett, qui avait d\u00e9j\u00e0 indiqu\u00e9 d\u00e9but avril que\u00a0: \u00a0\u00bb Il est tr\u00e8s [&hellip;]<\/p>\n","protected":false},"author":1738,"featured_media":29545,"comment_status":"closed","ping_status":"closed","sticky":false,"template":"","format":"standard","meta":{"fifu_image_url":"","fifu_image_alt":"","footnotes":""},"categories":[53,75],"tags":[],"class_list":["post-29544","post","type-post","status-publish","format-standard","has-post-thumbnail","hentry","category-algerie","category-sport"],"_links":{"self":[{"href":"https:\/\/linitiative.ca\/International\/wp-json\/wp\/v2\/posts\/29544","targetHints":{"allow":["GET"]}}],"collection":[{"href":"https:\/\/linitiative.ca\/International\/wp-json\/wp\/v2\/posts"}],"about":[{"href":"https:\/\/linitiative.ca\/International\/wp-json\/wp\/v2\/types\/post"}],"author":[{"embeddable":true,"href":"https:\/\/linitiative.ca\/International\/wp-json\/wp\/v2\/users\/1738"}],"replies":[{"embeddable":true,"href":"https:\/\/linitiative.ca\/International\/wp-json\/wp\/v2\/comments?post=29544"}],"version-history":[{"count":0,"href":"https:\/\/linitiative.ca\/International\/wp-json\/wp\/v2\/posts\/29544\/revisions"}],"wp:featuredmedia":[{"embeddable":true,"href":"https:\/\/linitiative.ca\/International\/wp-json\/"}],"wp:attachment":[{"href":"https:\/\/linitiative.ca\/International\/wp-json\/wp\/v2\/media?parent=29544"}],"wp:term":[{"taxonomy":"category","embeddable":true,"href":"https:\/\/linitiative.ca\/International\/wp-json\/wp\/v2\/categories?post=29544"},{"taxonomy":"post_tag","embeddable":true,"href":"https:\/\/linitiative.ca\/International\/wp-json\/wp\/v2\/tags?post=29544"}],"curies":[{"name":"wp","href":"https:\/\/api.w.org\/{rel}","templated":true}]}}