{"id":29548,"date":"2019-04-23T15:14:21","date_gmt":"2019-04-23T19:14:21","guid":{"rendered":"https:\/\/linitiative.ca\/International\/afrique-maroc-herve-renard-fait-son-mea-culpa-pour-ziyech\/"},"modified":"2019-04-23T15:14:21","modified_gmt":"2019-04-23T19:14:21","slug":"afrique-maroc-herve-renard-fait-son-mea-culpa-pour-ziyech","status":"publish","type":"post","link":"https:\/\/linitiative.ca\/International\/afrique-maroc-herve-renard-fait-son-mea-culpa-pour-ziyech\/","title":{"rendered":"Afrique : Maroc Herv\u00e9 Renard fait son mea culpa pour Ziyech"},"content":{"rendered":"<div readability=\"32\">\n<p>Auteur : <span class=\"time\">mardi 23 avril 2019 12:13<\/span><\/p>\n<\/div>\n<div id=\"post_core\" readability=\"76\">\n<p>Ziyech avait d&rsquo;ailleurs d\u00e9clar\u00e9 ne plus vouloir jouer en s\u00e9lection tant que Herv\u00e9\u00a0Renard est sur le banc. Avec le recul, l&rsquo;ancien entra\u00eeneur de Lille a assum\u00e9 ses torts dans l&rsquo;\u00e9mission\u00a0Le Vestiaire, diffus\u00e9e ce lundi soir sur RMC Sport.<\/p>\n<p>\u00ab\u00a0Je suis nomm\u00e9 s\u00e9lectionneur, je commence l&rsquo;entra\u00eenement le lundi. On joue le samedi au Cap Vert, sur un terrain synth\u00e9tique avec beaucoup de vent, un match typiquement africain dans les caract\u00e9ristiques que je connais, se souvient-il. Je mets Hakim dans les tribunes. On commence sur des bases difficiles. On joue le retour au Maroc trois jours apr\u00e8s, il rentre 25 minutes. Mais il n&rsquo;\u00e9tait certainement pas satisfait du stage dans son int\u00e9gralit\u00e9. Je commets l\u00e0 une erreur: je ne lui parle pas. Chacun part de son c\u00f4t\u00e9. La situation se crispe. Il revient, la troisi\u00e8me fois, il est un peu bless\u00e9&#8230; jusqu&rsquo;\u00e0 ce que je ne le s\u00e9lectionne plus.\u00a0\u00bb<\/p>\n<p>Ce n&rsquo;est que le 30 juin 2017 qu&rsquo;une r\u00e9conciliation a lieu entre les deux hommes, \u00e0 l&rsquo;initiative du pr\u00e9sident de la F\u00e9d\u00e9ration marocaine. \u00ab\u00a0Il n&rsquo;y est pour rien, insiste Herv\u00e9 Renard. Il n&rsquo;a jamais fait preuve de mauvais caract\u00e8re, il n&rsquo;a jamais mal r\u00e9agi. Au contraire, il est rest\u00e9 impeccable, m\u00eame s&rsquo;il n&rsquo;\u00e9tait bien s\u00fbr pas satisfait. Pass\u00e9 un an, mon pr\u00e9sident m&rsquo;a dit &lsquo;il faudrait qu&rsquo;on aille le voir, vous voyez la saison qu&rsquo;il fait&rsquo;. J&rsquo;ai dit &lsquo;oui, sur ses qualit\u00e9s, il n&rsquo;y a rien \u00e0 dire, c&rsquo;est ce qu&rsquo;il nous faut&rsquo;. On est partis \u00e0 Amsterdam et au bout de trois minutes de conversation, tout \u00e9tait r\u00e9gl\u00e9. Lui avait envie de revenir, il est tr\u00e8s attach\u00e9 \u00e0 son \u00e9quipe nationale. Moi j&rsquo;avais besoin de lui et j&rsquo;ai reconnu mes erreurs.\u00a0\u00bb<\/p>\n<p>Depuis, Hakim Ziyech,\u00a0\u00e9tincelant cette ann\u00e9e avec l&rsquo;Ajax en Ligue des champions, a retrouv\u00e9 sa place avec la s\u00e9lection. Et Herv\u00e9 Renard l&rsquo;assure, cette affaire entre les deux hommes est d\u00e9sormais derri\u00e8re eux: \u00ab\u00a0Cette erreur, j&rsquo;en suis responsable \u00e0 99%. Aujourd&rsquo;hui, probl\u00e8me plus que r\u00e9gl\u00e9.\u00a0\u00bb Des propos relay\u00e9s par Bfmtv.<\/p>\n<\/div>\n<p>Auteur:<br \/>\n<a href=\"http:\/\/www.lebuteur.com\/article\/detail?titre=maroc-herve-renard-fait-son-mea-culpa-pour-ziyech&#038;id=88230&#038;utm_source=feedburner&#038;utm_medium=feed&#038;utm_campaign=Feed%3A+GalerieFArtciles+%28Les+derniers+articles++-+lebuteur.com%29\">Cliquez ici pour lire l&rsquo;article depuis sa source.<\/a><\/p>\n","protected":false},"excerpt":{"rendered":"<p>Auteur : mardi 23 avril 2019 12:13 Ziyech avait d&rsquo;ailleurs d\u00e9clar\u00e9 ne plus vouloir jouer en s\u00e9lection tant que Herv\u00e9\u00a0Renard est sur le banc. Avec le recul, l&rsquo;ancien entra\u00eeneur de Lille a assum\u00e9 ses torts dans l&rsquo;\u00e9mission\u00a0Le Vestiaire, diffus\u00e9e ce lundi soir sur RMC Sport. \u00ab\u00a0Je suis nomm\u00e9 s\u00e9lectionneur, je commence l&rsquo;entra\u00eenement le lundi. On [&hellip;]<\/p>\n","protected":false},"author":1738,"featured_media":29549,"comment_status":"closed","ping_status":"closed","sticky":false,"template":"","format":"standard","meta":{"fifu_image_url":"","fifu_image_alt":"","footnotes":""},"categories":[53,75],"tags":[],"class_list":["post-29548","post","type-post","status-publish","format-standard","has-post-thumbnail","hentry","category-algerie","category-sport"],"_links":{"self":[{"href":"https:\/\/linitiative.ca\/International\/wp-json\/wp\/v2\/posts\/29548","targetHints":{"allow":["GET"]}}],"collection":[{"href":"https:\/\/linitiative.ca\/International\/wp-json\/wp\/v2\/posts"}],"about":[{"href":"https:\/\/linitiative.ca\/International\/wp-json\/wp\/v2\/types\/post"}],"author":[{"embeddable":true,"href":"https:\/\/linitiative.ca\/International\/wp-json\/wp\/v2\/users\/1738"}],"replies":[{"embeddable":true,"href":"https:\/\/linitiative.ca\/International\/wp-json\/wp\/v2\/comments?post=29548"}],"version-history":[{"count":0,"href":"https:\/\/linitiative.ca\/International\/wp-json\/wp\/v2\/posts\/29548\/revisions"}],"wp:featuredmedia":[{"embeddable":true,"href":"https:\/\/linitiative.ca\/International\/wp-json\/"}],"wp:attachment":[{"href":"https:\/\/linitiative.ca\/International\/wp-json\/wp\/v2\/media?parent=29548"}],"wp:term":[{"taxonomy":"category","embeddable":true,"href":"https:\/\/linitiative.ca\/International\/wp-json\/wp\/v2\/categories?post=29548"},{"taxonomy":"post_tag","embeddable":true,"href":"https:\/\/linitiative.ca\/International\/wp-json\/wp\/v2\/tags?post=29548"}],"curies":[{"name":"wp","href":"https:\/\/api.w.org\/{rel}","templated":true}]}}