{"id":29550,"date":"2019-04-23T15:14:22","date_gmt":"2019-04-23T19:14:22","guid":{"rendered":"https:\/\/linitiative.ca\/International\/international-naples-ancelotti-evoque-le-cas-insigne\/"},"modified":"2019-04-23T15:14:22","modified_gmt":"2019-04-23T19:14:22","slug":"international-naples-ancelotti-evoque-le-cas-insigne","status":"publish","type":"post","link":"https:\/\/linitiative.ca\/International\/international-naples-ancelotti-evoque-le-cas-insigne\/","title":{"rendered":"International : Naples : Ancelotti \u00e9voque le cas Insigne"},"content":{"rendered":"<div readability=\"32\">\n<p>Auteur : <span class=\"time\">mardi 23 avril 2019 12:29<\/span><\/p>\n<\/div>\n<div id=\"post_core\" readability=\"42\">\n<p>Suite \u00e0 la d\u00e9faite de Naples face \u00e0 l\u2019Atalanta ce lundi (1-2), Carlo Ancelotti a l\u00e2ch\u00e9 quelques mots sur l\u2019avenir de Lorenzo Insigne., entretenant le flou \u00e0 ce sujet.<\/p>\n<p>\u00ab\u00a0Lorenzo Insigne ? Il faut assurer la continuit\u00e9 de cette \u00e9quipe, m\u00eame s\u2019il y aura quelques ajustements sur le march\u00e9. L\u2019essentiel de l\u2019\u00e9quipe restera. (Lorenzo) Insigne est un atout important. Il doit revenir \u00e0 son niveau et nous l\u2019attendons\u00a0\u00bb, a-t-il d\u00e9clar\u00e9 en conf\u00e9rence de presse d\u2019apr\u00e8s-match et comme le rapporte Le10sport.\u00a0<\/p>\n<\/div>\n<p>Auteur:<br \/>\n<a href=\"http:\/\/www.lebuteur.com\/article\/detail?titre=naples-ancelotti-evoque-le-cas-insigne&#038;id=88231&#038;utm_source=feedburner&#038;utm_medium=feed&#038;utm_campaign=Feed%3A+GalerieFArtciles+%28Les+derniers+articles++-+lebuteur.com%29\">Cliquez ici pour lire l&rsquo;article depuis sa source.<\/a><\/p>\n","protected":false},"excerpt":{"rendered":"<p>Auteur : mardi 23 avril 2019 12:29 Suite \u00e0 la d\u00e9faite de Naples face \u00e0 l\u2019Atalanta ce lundi (1-2), Carlo Ancelotti a l\u00e2ch\u00e9 quelques mots sur l\u2019avenir de Lorenzo Insigne., entretenant le flou \u00e0 ce sujet. \u00ab\u00a0Lorenzo Insigne ? Il faut assurer la continuit\u00e9 de cette \u00e9quipe, m\u00eame s\u2019il y aura quelques ajustements sur le [&hellip;]<\/p>\n","protected":false},"author":1738,"featured_media":29551,"comment_status":"closed","ping_status":"closed","sticky":false,"template":"","format":"standard","meta":{"fifu_image_url":"","fifu_image_alt":"","footnotes":""},"categories":[53,75],"tags":[],"class_list":["post-29550","post","type-post","status-publish","format-standard","has-post-thumbnail","hentry","category-algerie","category-sport"],"_links":{"self":[{"href":"https:\/\/linitiative.ca\/International\/wp-json\/wp\/v2\/posts\/29550","targetHints":{"allow":["GET"]}}],"collection":[{"href":"https:\/\/linitiative.ca\/International\/wp-json\/wp\/v2\/posts"}],"about":[{"href":"https:\/\/linitiative.ca\/International\/wp-json\/wp\/v2\/types\/post"}],"author":[{"embeddable":true,"href":"https:\/\/linitiative.ca\/International\/wp-json\/wp\/v2\/users\/1738"}],"replies":[{"embeddable":true,"href":"https:\/\/linitiative.ca\/International\/wp-json\/wp\/v2\/comments?post=29550"}],"version-history":[{"count":0,"href":"https:\/\/linitiative.ca\/International\/wp-json\/wp\/v2\/posts\/29550\/revisions"}],"wp:featuredmedia":[{"embeddable":true,"href":"https:\/\/linitiative.ca\/International\/wp-json\/"}],"wp:attachment":[{"href":"https:\/\/linitiative.ca\/International\/wp-json\/wp\/v2\/media?parent=29550"}],"wp:term":[{"taxonomy":"category","embeddable":true,"href":"https:\/\/linitiative.ca\/International\/wp-json\/wp\/v2\/categories?post=29550"},{"taxonomy":"post_tag","embeddable":true,"href":"https:\/\/linitiative.ca\/International\/wp-json\/wp\/v2\/tags?post=29550"}],"curies":[{"name":"wp","href":"https:\/\/api.w.org\/{rel}","templated":true}]}}