{"id":29552,"date":"2019-04-23T15:14:24","date_gmt":"2019-04-23T19:14:24","guid":{"rendered":"https:\/\/linitiative.ca\/International\/international-ol-dugarry-nepargne-pas-depay\/"},"modified":"2019-04-23T15:14:24","modified_gmt":"2019-04-23T19:14:24","slug":"international-ol-dugarry-nepargne-pas-depay","status":"publish","type":"post","link":"https:\/\/linitiative.ca\/International\/international-ol-dugarry-nepargne-pas-depay\/","title":{"rendered":"International : OL : Dugarry n&rsquo;\u00e9pargne pas Depay"},"content":{"rendered":"<div readability=\"32\">\n<p>Auteur : <span class=\"time\">mardi 23 avril 2019 13:00<\/span><\/p>\n<\/div>\n<div id=\"post_core\" readability=\"45\">\n<p>Personnage \u00e0 la personnalit\u00e9 atypique, l&rsquo;attaquant de l&rsquo;Olympique Lyonnais ne trouvera pas gr\u00e2ce aux yeux de Christophe Dugarry, qui esp\u00e8re le voir le plus loin possible du Rh\u00f4ne.<\/p>\n<p>\u00ab\u00a0Je souhaite qu\u2019il parte et tr\u00e8s, tr\u00e8s vite ! Il ne s\u2019est jamais inscrit dans le projet lyonnais, il \u00e9tait en gal\u00e8re \u00e0 Manchester United, il n\u2019avait certainement pas beaucoup de clubs pour le relancer. Il a pris l\u2019OL pour un tremplin, mais il n\u2019avait pas envie de jouer en Ligue 1. Il ne veut pas \u00eatre un leader et \u00e7a fait deux ans\u00a0\u00bb, a soulign\u00e9 le consultant pour RMC et comme le rapporte maxifoot.<\/p>\n<p><strong>Publi\u00e9 dans :<\/strong> <span>OL<\/span><\/p>\n<\/div>\n<p>Auteur:<br \/>\n<a href=\"http:\/\/www.lebuteur.com\/article\/detail?titre=ol-dugarry-nepargne-pas-depay&#038;id=88232&#038;utm_source=feedburner&#038;utm_medium=feed&#038;utm_campaign=Feed%3A+GalerieFArtciles+%28Les+derniers+articles++-+lebuteur.com%29\">Cliquez ici pour lire l&rsquo;article depuis sa source.<\/a><\/p>\n","protected":false},"excerpt":{"rendered":"<p>Auteur : mardi 23 avril 2019 13:00 Personnage \u00e0 la personnalit\u00e9 atypique, l&rsquo;attaquant de l&rsquo;Olympique Lyonnais ne trouvera pas gr\u00e2ce aux yeux de Christophe Dugarry, qui esp\u00e8re le voir le plus loin possible du Rh\u00f4ne. \u00ab\u00a0Je souhaite qu\u2019il parte et tr\u00e8s, tr\u00e8s vite ! Il ne s\u2019est jamais inscrit dans le projet lyonnais, il \u00e9tait [&hellip;]<\/p>\n","protected":false},"author":1738,"featured_media":29553,"comment_status":"closed","ping_status":"closed","sticky":false,"template":"","format":"standard","meta":{"fifu_image_url":"","fifu_image_alt":"","footnotes":""},"categories":[53,75],"tags":[],"class_list":["post-29552","post","type-post","status-publish","format-standard","has-post-thumbnail","hentry","category-algerie","category-sport"],"_links":{"self":[{"href":"https:\/\/linitiative.ca\/International\/wp-json\/wp\/v2\/posts\/29552","targetHints":{"allow":["GET"]}}],"collection":[{"href":"https:\/\/linitiative.ca\/International\/wp-json\/wp\/v2\/posts"}],"about":[{"href":"https:\/\/linitiative.ca\/International\/wp-json\/wp\/v2\/types\/post"}],"author":[{"embeddable":true,"href":"https:\/\/linitiative.ca\/International\/wp-json\/wp\/v2\/users\/1738"}],"replies":[{"embeddable":true,"href":"https:\/\/linitiative.ca\/International\/wp-json\/wp\/v2\/comments?post=29552"}],"version-history":[{"count":0,"href":"https:\/\/linitiative.ca\/International\/wp-json\/wp\/v2\/posts\/29552\/revisions"}],"wp:featuredmedia":[{"embeddable":true,"href":"https:\/\/linitiative.ca\/International\/wp-json\/"}],"wp:attachment":[{"href":"https:\/\/linitiative.ca\/International\/wp-json\/wp\/v2\/media?parent=29552"}],"wp:term":[{"taxonomy":"category","embeddable":true,"href":"https:\/\/linitiative.ca\/International\/wp-json\/wp\/v2\/categories?post=29552"},{"taxonomy":"post_tag","embeddable":true,"href":"https:\/\/linitiative.ca\/International\/wp-json\/wp\/v2\/tags?post=29552"}],"curies":[{"name":"wp","href":"https:\/\/api.w.org\/{rel}","templated":true}]}}