{"id":29554,"date":"2019-04-23T15:14:25","date_gmt":"2019-04-23T19:14:25","guid":{"rendered":"https:\/\/linitiative.ca\/International\/international-man-united-solskjaer-jaime-tous-mes-joueurs-mais\/"},"modified":"2019-04-23T15:14:25","modified_gmt":"2019-04-23T19:14:25","slug":"international-man-united-solskjaer-jaime-tous-mes-joueurs-mais","status":"publish","type":"post","link":"https:\/\/linitiative.ca\/International\/international-man-united-solskjaer-jaime-tous-mes-joueurs-mais\/","title":{"rendered":"International : Man United &#8211; Solskjaer \u00ab\u00a0J&rsquo;aime tous mes joueurs, mais&#8230;\u00a0\u00bb"},"content":{"rendered":"<div readability=\"32\">\n<p>Auteur : <span class=\"time\">mardi 23 avril 2019 13:30<\/span><\/p>\n<\/div>\n<div id=\"post_core\" readability=\"47\">\n<p>Elimin\u00e9 de la Ligue des Champions puis s\u00e9v\u00e8rement battu par Everton ce week-end, le club a beaucoup plus de mal depuis la prolongation officielle d\u2019Ole Gunnar Solskjaer. L\u2019entra\u00eeneur norv\u00e9gien doit maintenant faire face \u00e0 un vestiaire \u00e0 cran qui pense davantage au mercato plut\u00f4t qu\u2019\u00e0 la fin de saison. En conf\u00e9rence de presse \u00e0 la veille d\u2019un derby de Manchester qui s\u2019annonce br\u00fblant, il a tenu \u00e0 calmer le jeu.<\/p>\n<p>\u00ab\u00a0J\u2019aime tous ces gar\u00e7ons. Je les aime parce qu\u2019ils sont d\u2019excellents gar\u00e7ons, mais je dois prendre une d\u00e9cision pour le club. Je vais tout mettre en \u0153uvre pour que nous puissions faire ce que nous pensons \u00eatre bon pour le club. Nous avons d\u00e9j\u00e0 essay\u00e9 depuis que nous avons repris le club en main et j\u2019ai d\u00e9j\u00e0 dit que vous pouvez voir l\u2019ADN de Manchester United chez beaucoup de ces joueurs. Mais, comme je l\u2019ai d\u00e9j\u00e0 dit, vous devez faire venir des joueurs et certains vont devoir partir.\u00a0\u00bb Des propos relay\u00e9s par Footmercato.<\/p>\n<p><strong>Publi\u00e9 dans :<\/strong> <span>manchester united<\/span><\/p>\n<\/div>\n<p>Auteur:<br \/>\n<a href=\"http:\/\/www.lebuteur.com\/article\/detail?titre=man-united-solskjaer-jaime-tous-mes-joueurs-mais&#038;id=88233&#038;utm_source=feedburner&#038;utm_medium=feed&#038;utm_campaign=Feed%3A+GalerieFArtciles+%28Les+derniers+articles++-+lebuteur.com%29\">Cliquez ici pour lire l&rsquo;article depuis sa source.<\/a><\/p>\n","protected":false},"excerpt":{"rendered":"<p>Auteur : mardi 23 avril 2019 13:30 Elimin\u00e9 de la Ligue des Champions puis s\u00e9v\u00e8rement battu par Everton ce week-end, le club a beaucoup plus de mal depuis la prolongation officielle d\u2019Ole Gunnar Solskjaer. L\u2019entra\u00eeneur norv\u00e9gien doit maintenant faire face \u00e0 un vestiaire \u00e0 cran qui pense davantage au mercato plut\u00f4t qu\u2019\u00e0 la fin de [&hellip;]<\/p>\n","protected":false},"author":1738,"featured_media":29555,"comment_status":"closed","ping_status":"closed","sticky":false,"template":"","format":"standard","meta":{"fifu_image_url":"","fifu_image_alt":"","footnotes":""},"categories":[53,75],"tags":[],"class_list":["post-29554","post","type-post","status-publish","format-standard","has-post-thumbnail","hentry","category-algerie","category-sport"],"_links":{"self":[{"href":"https:\/\/linitiative.ca\/International\/wp-json\/wp\/v2\/posts\/29554","targetHints":{"allow":["GET"]}}],"collection":[{"href":"https:\/\/linitiative.ca\/International\/wp-json\/wp\/v2\/posts"}],"about":[{"href":"https:\/\/linitiative.ca\/International\/wp-json\/wp\/v2\/types\/post"}],"author":[{"embeddable":true,"href":"https:\/\/linitiative.ca\/International\/wp-json\/wp\/v2\/users\/1738"}],"replies":[{"embeddable":true,"href":"https:\/\/linitiative.ca\/International\/wp-json\/wp\/v2\/comments?post=29554"}],"version-history":[{"count":0,"href":"https:\/\/linitiative.ca\/International\/wp-json\/wp\/v2\/posts\/29554\/revisions"}],"wp:featuredmedia":[{"embeddable":true,"href":"https:\/\/linitiative.ca\/International\/wp-json\/"}],"wp:attachment":[{"href":"https:\/\/linitiative.ca\/International\/wp-json\/wp\/v2\/media?parent=29554"}],"wp:term":[{"taxonomy":"category","embeddable":true,"href":"https:\/\/linitiative.ca\/International\/wp-json\/wp\/v2\/categories?post=29554"},{"taxonomy":"post_tag","embeddable":true,"href":"https:\/\/linitiative.ca\/International\/wp-json\/wp\/v2\/tags?post=29554"}],"curies":[{"name":"wp","href":"https:\/\/api.w.org\/{rel}","templated":true}]}}