{"id":29556,"date":"2019-04-23T15:14:26","date_gmt":"2019-04-23T19:14:26","guid":{"rendered":"https:\/\/linitiative.ca\/International\/international-liga-un-sacre-est-possible-des-mercredi-pour-le-barca\/"},"modified":"2019-04-23T15:14:26","modified_gmt":"2019-04-23T19:14:26","slug":"international-liga-un-sacre-est-possible-des-mercredi-pour-le-barca","status":"publish","type":"post","link":"https:\/\/linitiative.ca\/International\/international-liga-un-sacre-est-possible-des-mercredi-pour-le-barca\/","title":{"rendered":"International : Liga : Un sacre est possible d\u00e8s mercredi pour le Bar\u00e7a"},"content":{"rendered":"<div readability=\"32\">\n<p>Auteur : <span class=\"time\">mardi 23 avril 2019 13:54<\/span><\/p>\n<\/div>\n<div id=\"post_core\" readability=\"56\">\n<p>Le FC Barcelone est sur le point de remporter la Liga. C&rsquo;est imminent. Et \u00e7a l&rsquo;est tellement que le club catalan peut, officiellement, \u00eatre sacr\u00e9 pour la 26e fois de son histoire champion d&rsquo;Espagne d\u00e8s ce mercredi, lors de la 34e journ\u00e9e.<\/p>\n<p>Un cas de figure peut permettre ce sc\u00e9nario. Pour cela, l&rsquo;\u00e9quipe d&rsquo;Ernesto Valverde doit s&rsquo;imposer \u00e0 Alaves ce mardi soir (21h30), et l&rsquo;Atl\u00e9tico de Madrid doit ensuite perdre, mercredi, \u00e0 domicile contre le Valence CF (18h30).<\/p>\n<p>Avec ces deux r\u00e9sultats combin\u00e9s, le Bar\u00e7a compterait 12 points d&rsquo;avance sur l&rsquo;Atl\u00e9tico \u00e0 quatre journ\u00e9es de la fin de la saison. Une avance qui lui suffirait pour \u00eatre champion puisque, en Espagne, c&rsquo;est la diff\u00e9rence particuli\u00e8re qui prime entre deux \u00e9quipes \u00e0 \u00e9galit\u00e9 et non la diff\u00e9rence de buts g\u00e9n\u00e9rale.<br \/>Le classement du Championnat d&rsquo;Espagne<br \/>Or, cette saison, le FC Barcelone b\u00e9n\u00e9ficie d&rsquo;une meilleure diff\u00e9rence particuli\u00e8re que son dauphin (1-1 \u00e0 l&rsquo;aller \u00e0 Madrid, 2-0 au retour) et ne pourrait donc plus \u00eatre d\u00e9pass\u00e9 avant la fin de l&rsquo;exercice.<\/p>\n<\/div>\n<p>Auteur:<br \/>\n<a href=\"http:\/\/www.lebuteur.com\/article\/detail?titre=liga-un-sacre-est-possible-des-mercredi-pour-le-barca&#038;id=88234&#038;utm_source=feedburner&#038;utm_medium=feed&#038;utm_campaign=Feed%3A+GalerieFArtciles+%28Les+derniers+articles++-+lebuteur.com%29\">Cliquez ici pour lire l&rsquo;article depuis sa source.<\/a><\/p>\n","protected":false},"excerpt":{"rendered":"<p>Auteur : mardi 23 avril 2019 13:54 Le FC Barcelone est sur le point de remporter la Liga. C&rsquo;est imminent. Et \u00e7a l&rsquo;est tellement que le club catalan peut, officiellement, \u00eatre sacr\u00e9 pour la 26e fois de son histoire champion d&rsquo;Espagne d\u00e8s ce mercredi, lors de la 34e journ\u00e9e. Un cas de figure peut permettre [&hellip;]<\/p>\n","protected":false},"author":1738,"featured_media":29557,"comment_status":"closed","ping_status":"closed","sticky":false,"template":"","format":"standard","meta":{"fifu_image_url":"","fifu_image_alt":"","footnotes":""},"categories":[53,75],"tags":[],"class_list":["post-29556","post","type-post","status-publish","format-standard","has-post-thumbnail","hentry","category-algerie","category-sport"],"_links":{"self":[{"href":"https:\/\/linitiative.ca\/International\/wp-json\/wp\/v2\/posts\/29556","targetHints":{"allow":["GET"]}}],"collection":[{"href":"https:\/\/linitiative.ca\/International\/wp-json\/wp\/v2\/posts"}],"about":[{"href":"https:\/\/linitiative.ca\/International\/wp-json\/wp\/v2\/types\/post"}],"author":[{"embeddable":true,"href":"https:\/\/linitiative.ca\/International\/wp-json\/wp\/v2\/users\/1738"}],"replies":[{"embeddable":true,"href":"https:\/\/linitiative.ca\/International\/wp-json\/wp\/v2\/comments?post=29556"}],"version-history":[{"count":0,"href":"https:\/\/linitiative.ca\/International\/wp-json\/wp\/v2\/posts\/29556\/revisions"}],"wp:featuredmedia":[{"embeddable":true,"href":"https:\/\/linitiative.ca\/International\/wp-json\/"}],"wp:attachment":[{"href":"https:\/\/linitiative.ca\/International\/wp-json\/wp\/v2\/media?parent=29556"}],"wp:term":[{"taxonomy":"category","embeddable":true,"href":"https:\/\/linitiative.ca\/International\/wp-json\/wp\/v2\/categories?post=29556"},{"taxonomy":"post_tag","embeddable":true,"href":"https:\/\/linitiative.ca\/International\/wp-json\/wp\/v2\/tags?post=29556"}],"curies":[{"name":"wp","href":"https:\/\/api.w.org\/{rel}","templated":true}]}}