{"id":29558,"date":"2019-04-23T15:14:28","date_gmt":"2019-04-23T19:14:28","guid":{"rendered":"https:\/\/linitiative.ca\/International\/international-ajax-van-de-beek-ca-coute-cher\/"},"modified":"2019-04-23T15:14:28","modified_gmt":"2019-04-23T19:14:28","slug":"international-ajax-van-de-beek-ca-coute-cher","status":"publish","type":"post","link":"https:\/\/linitiative.ca\/International\/international-ajax-van-de-beek-ca-coute-cher\/","title":{"rendered":"International : Ajax : Van de Beek, \u00e7a co\u00fbte cher"},"content":{"rendered":"<div readability=\"32\">\n<p>Auteur : <span class=\"time\">mardi 23 avril 2019 14:30<\/span><\/p>\n<\/div>\n<div id=\"post_core\" readability=\"52\">\n<p>Alors que Frenkie de Jong a d\u00e9j\u00e0 \u00e9t\u00e9 vendu pour 86 millions d&rsquo;euros, bonus compris, au FC Barcelone, que Matthijs de Ligt pourrait \u00e9galement rejoindre le club catalan pour environ 70 millions d&rsquo;euros, le cas Donny van de Beek agite lui aussi le march\u00e9 des transferts.<\/p>\n<p>A en croire Calciomercato et Maxifoot, le milieu de terrain n\u00e9erlandais, pist\u00e9 par le Paris Saint-Germain, ne sera pas l\u00e2ch\u00e9 \u00e0 moins de 60 millions d&rsquo;euros. Un prix \u00e9lev\u00e9, certes, mais qui ne devrait pas refroidir les pr\u00e9tendants de l&rsquo;Oranje, parmi lesquels le Milan AC, pr\u00eat \u00e0 casser sa tirelire pour l&rsquo;attirer en Lombardie.<\/p>\n<p><strong>Publi\u00e9 dans :<\/strong> <span>Ajax<\/span> <span>Van de Beek<\/span><\/p>\n<\/div>\n<p>Auteur:<br \/>\n<a href=\"http:\/\/www.lebuteur.com\/article\/detail?titre=ajax-van-de-beek-ca-coute-cher&#038;id=88235&#038;utm_source=feedburner&#038;utm_medium=feed&#038;utm_campaign=Feed%3A+GalerieFArtciles+%28Les+derniers+articles++-+lebuteur.com%29\">Cliquez ici pour lire l&rsquo;article depuis sa source.<\/a><\/p>\n","protected":false},"excerpt":{"rendered":"<p>Auteur : mardi 23 avril 2019 14:30 Alors que Frenkie de Jong a d\u00e9j\u00e0 \u00e9t\u00e9 vendu pour 86 millions d&rsquo;euros, bonus compris, au FC Barcelone, que Matthijs de Ligt pourrait \u00e9galement rejoindre le club catalan pour environ 70 millions d&rsquo;euros, le cas Donny van de Beek agite lui aussi le march\u00e9 des transferts. A en [&hellip;]<\/p>\n","protected":false},"author":1738,"featured_media":29559,"comment_status":"closed","ping_status":"closed","sticky":false,"template":"","format":"standard","meta":{"fifu_image_url":"","fifu_image_alt":"","footnotes":""},"categories":[53,75],"tags":[],"class_list":["post-29558","post","type-post","status-publish","format-standard","has-post-thumbnail","hentry","category-algerie","category-sport"],"_links":{"self":[{"href":"https:\/\/linitiative.ca\/International\/wp-json\/wp\/v2\/posts\/29558","targetHints":{"allow":["GET"]}}],"collection":[{"href":"https:\/\/linitiative.ca\/International\/wp-json\/wp\/v2\/posts"}],"about":[{"href":"https:\/\/linitiative.ca\/International\/wp-json\/wp\/v2\/types\/post"}],"author":[{"embeddable":true,"href":"https:\/\/linitiative.ca\/International\/wp-json\/wp\/v2\/users\/1738"}],"replies":[{"embeddable":true,"href":"https:\/\/linitiative.ca\/International\/wp-json\/wp\/v2\/comments?post=29558"}],"version-history":[{"count":0,"href":"https:\/\/linitiative.ca\/International\/wp-json\/wp\/v2\/posts\/29558\/revisions"}],"wp:featuredmedia":[{"embeddable":true,"href":"https:\/\/linitiative.ca\/International\/wp-json\/"}],"wp:attachment":[{"href":"https:\/\/linitiative.ca\/International\/wp-json\/wp\/v2\/media?parent=29558"}],"wp:term":[{"taxonomy":"category","embeddable":true,"href":"https:\/\/linitiative.ca\/International\/wp-json\/wp\/v2\/categories?post=29558"},{"taxonomy":"post_tag","embeddable":true,"href":"https:\/\/linitiative.ca\/International\/wp-json\/wp\/v2\/tags?post=29558"}],"curies":[{"name":"wp","href":"https:\/\/api.w.org\/{rel}","templated":true}]}}