{"id":29560,"date":"2019-04-23T15:14:30","date_gmt":"2019-04-23T19:14:30","guid":{"rendered":"https:\/\/linitiative.ca\/International\/international-manchester-city-guardiola-annonce-la-couleur-pour-lavenir-de-mahrez\/"},"modified":"2019-04-23T15:14:30","modified_gmt":"2019-04-23T19:14:30","slug":"international-manchester-city-guardiola-annonce-la-couleur-pour-lavenir-de-mahrez","status":"publish","type":"post","link":"https:\/\/linitiative.ca\/International\/international-manchester-city-guardiola-annonce-la-couleur-pour-lavenir-de-mahrez\/","title":{"rendered":"International : Manchester City: Guardiola annonce la couleur pour l\u2019avenir de Mahrez !"},"content":{"rendered":"<div readability=\"32\">\n<p>Auteur : <span class=\"time\">mardi 23 avril 2019 14:35<\/span><\/p>\n<\/div>\n<div id=\"post_core\" readability=\"42\">\n<p>Riyad Mahrez (28 ans) va-t-il vraiment quitter Manchester City lors du prochain mercato estival comme le r\u00e9v\u00e9lait r\u00e9cemment la presse anglaise ? Interrog\u00e9 en conf\u00e9rence de presse ce mardi, Pep Guardiola a fermement d\u00e9menti cette possibilit\u00e9 pour l\u2019international alg\u00e9rien, sous contrat jusqu\u2019en 2023 avec les Skyblues : \u00ab Riyad Mahrez sera avec nous la saison prochaine, et celle d&rsquo;apr\u00e8s, et encore celle d&rsquo;apr\u00e8s. Je n&rsquo;ai pas besoin de parler avec lui. Il sait que nous sommes heureux avec lui \u00bb, a confi\u00e9 Guardiola comme rapport\u00e9 par Le 10 Sport.<\/p>\n<p><strong>Publi\u00e9 dans :<\/strong> <span>Guardiola<\/span> <span>Mahrez<\/span><\/p>\n<\/div>\n<p>Auteur:<br \/>\n<a href=\"http:\/\/www.lebuteur.com\/article\/detail?titre=manchester-city-guardiola-annonce-la-couleur-pour-lavenir-de-mahrez&#038;id=88237&#038;utm_source=feedburner&#038;utm_medium=feed&#038;utm_campaign=Feed%3A+GalerieFArtciles+%28Les+derniers+articles++-+lebuteur.com%29\">Cliquez ici pour lire l&rsquo;article depuis sa source.<\/a><\/p>\n","protected":false},"excerpt":{"rendered":"<p>Auteur : mardi 23 avril 2019 14:35 Riyad Mahrez (28 ans) va-t-il vraiment quitter Manchester City lors du prochain mercato estival comme le r\u00e9v\u00e9lait r\u00e9cemment la presse anglaise ? Interrog\u00e9 en conf\u00e9rence de presse ce mardi, Pep Guardiola a fermement d\u00e9menti cette possibilit\u00e9 pour l\u2019international alg\u00e9rien, sous contrat jusqu\u2019en 2023 avec les Skyblues : \u00ab [&hellip;]<\/p>\n","protected":false},"author":1738,"featured_media":29561,"comment_status":"closed","ping_status":"closed","sticky":false,"template":"","format":"standard","meta":{"fifu_image_url":"","fifu_image_alt":"","footnotes":""},"categories":[53,75],"tags":[],"class_list":["post-29560","post","type-post","status-publish","format-standard","has-post-thumbnail","hentry","category-algerie","category-sport"],"_links":{"self":[{"href":"https:\/\/linitiative.ca\/International\/wp-json\/wp\/v2\/posts\/29560","targetHints":{"allow":["GET"]}}],"collection":[{"href":"https:\/\/linitiative.ca\/International\/wp-json\/wp\/v2\/posts"}],"about":[{"href":"https:\/\/linitiative.ca\/International\/wp-json\/wp\/v2\/types\/post"}],"author":[{"embeddable":true,"href":"https:\/\/linitiative.ca\/International\/wp-json\/wp\/v2\/users\/1738"}],"replies":[{"embeddable":true,"href":"https:\/\/linitiative.ca\/International\/wp-json\/wp\/v2\/comments?post=29560"}],"version-history":[{"count":0,"href":"https:\/\/linitiative.ca\/International\/wp-json\/wp\/v2\/posts\/29560\/revisions"}],"wp:featuredmedia":[{"embeddable":true,"href":"https:\/\/linitiative.ca\/International\/wp-json\/"}],"wp:attachment":[{"href":"https:\/\/linitiative.ca\/International\/wp-json\/wp\/v2\/media?parent=29560"}],"wp:term":[{"taxonomy":"category","embeddable":true,"href":"https:\/\/linitiative.ca\/International\/wp-json\/wp\/v2\/categories?post=29560"},{"taxonomy":"post_tag","embeddable":true,"href":"https:\/\/linitiative.ca\/International\/wp-json\/wp\/v2\/tags?post=29560"}],"curies":[{"name":"wp","href":"https:\/\/api.w.org\/{rel}","templated":true}]}}