{"id":29564,"date":"2019-04-22T19:00:00","date_gmt":"2019-04-22T23:00:00","guid":{"rendered":"https:\/\/linitiative.ca\/International\/tourisme-un-ete-tranquille-et-securise\/"},"modified":"2019-04-22T19:00:00","modified_gmt":"2019-04-22T23:00:00","slug":"tourisme-un-ete-tranquille-et-securise","status":"publish","type":"post","link":"https:\/\/linitiative.ca\/International\/tourisme-un-ete-tranquille-et-securise\/","title":{"rendered":"Tourisme : Un \u00e9t\u00e9 tranquille et s\u00e9curis\u00e9"},"content":{"rendered":"<p><strong>Une conf\u00e9rence a \u00e9t\u00e9 organis\u00e9e, hier \u00e0 l\u2019h\u00f4tel Azul (Alger), d\u00e9di\u00e9e aux\u00a0 pr\u00e9paratifs de la saison estivale de 2019, en pr\u00e9sence de tous les directeurs de wilaya du tourisme, ce qui constitue une premi\u00e8re pour ce type de rencontres.<\/strong><\/p>\n<p>Un rendez-vous qui intervient quelques mois apr\u00e8s la tenue, en janvier dernier, des Assises nationales du tourisme qui ont permis d\u2019\u00e9valuer les r\u00e9alisations effectu\u00e9es, lors des dix derni\u00e8res ann\u00e9es.S\u2019exprimant, \u00e0 cette occasion, le ministre du Tourisme et de l\u2019Artisanat a appel\u00e9 \u00e0 \u00abfaire tout\u00bb, pour que la prochaine saison estivale soit une \u00abr\u00e9ussite\u00bb, et assur\u00e9 que toutes les dispositions ont \u00e9t\u00e9 prises pour garantir un \u00e9t\u00e9 \u00abtranquille\u00bb et \u00abs\u00e9curis\u00e9\u00bb. \u00abLe tourisme et l\u2019artisanat sont devenus deux domaines d\u2019activit\u00e9\u00a0cr\u00e9ateurs de richesse dans notre pays\u00bb, a-t-il affirm\u00e9. Il a estim\u00e9 que le d\u00e9fi de l\u2019heure exige de \u00abfaire le maximum\u00bb pour \u00eatre \u00e0 la hauteur des exigences des familles et de la jeunesse alg\u00e9rienne en mati\u00e8re de tourisme, afin, a-t-il poursuivi, qu\u2019elles puissent passer ses vacances chez elles. Le ministre a expliqu\u00e9 que ce travail est \u00abintersectoriel\u00bb, du fait qu\u2019il regroupe plusieurs d\u00e9partements minist\u00e9riels. M. Benmessaoud a, d\u2019autre part, soulign\u00e9 que les structures destin\u00e9es aux jeunes ont un r\u00f4le \u00abimportant\u00bb \u00e0 jouer pour la r\u00e9ussite de la saison estivale de 2019, et annonc\u00e9 dans la foul\u00e9e que son d\u00e9partement planche sur une \u00abmeilleure\u00bb exploitation des plages avec \u00e0 la clef des formations pour les jeunes exploitants. \u00abLe gouvernement a mis \u00e0 en \u0153uvre l\u2019ensemble des moyens humains et mat\u00e9riels afin que les touristes nationaux puissent passer les vacances dans leur pays.<br \/>Une rencontre sera \u00e0 cet effet organis\u00e9e prochainement \u00e0 Alger avec l\u2019ensemble des minist\u00e8res concern\u00e9s, pour d\u00e9gager des pistes d\u2019action\u00bb, a-t-il confi\u00e9, appelant enfin \u00e0 une dynamique \u00abactive\u00bb pour \u00abrenforcer\u00bb ce secteur. Le ministre du Tourisme a mis \u00e0 profit cette opportunit\u00e9 pour indiquer que le nombre de lits est pass\u00e9 dans les wilayas c\u00f4ti\u00e8res de 71.811 lits en 2018 \u00e0 83.477 en 2019.<br \/>De son c\u00f4t\u00e9, le pr\u00e9sident-directeur g\u00e9n\u00e9ral du groupe H\u00f4tellerie, Tourisme et Thermalisme (HTT) a propos\u00e9 de placer la prochaine saison estivale sous le th\u00e8me \u00abEspoir, vision et solidarit\u00e9\u00bb, et plaid\u00e9 pour l\u2019encouragement de la vie nocturne pour booster le tourisme. Lazhar Bounafa\u00e2 a soulign\u00e9 par ailleurs l\u2019imp\u00e9rieuse n\u00e9cessit\u00e9 de mettre en \u0153uvre un texte r\u00e9glementaire pour la gestion des plages.<br \/>Par la suite, un documentaire promotionnel a \u00e9t\u00e9 diffus\u00e9 aux pr\u00e9sents, mettant l\u2019accent sur la r\u00e9habilitation de plusieurs fleurons du tourisme national.\u00a0<br \/>Il est bon de rappeler que le ministre du Tourisme et de l\u2019Artisanat avait indiqu\u00e9, il y a quelques semaines, qu\u2019un objectif a \u00e9t\u00e9 trac\u00e9 pour r\u00e9aliser 100 h\u00f4tels chaque ann\u00e9e, en vue d\u2019augmenter la capacit\u00e9 d\u2019accueil, \u00e0 travers la livraison de 200.000 nouveaux lits, une diversification et une couverture \u00e9quilibr\u00e9e sur le territoire national. \u00c0 ce jour, 820 projets touristiques d\u2019une capacit\u00e9 de 120.000 lits sont en cours de r\u00e9alisation, ce qui aura comme cons\u00e9quence la cr\u00e9ation de 60.000 emplois. Pour Benmessaoud, le secteur a connu un bond qualitatif et l\u2019Alg\u00e9rie dispose d\u2019une capacit\u00e9 totale de 140.000 nouveaux lits, alors que 850 nouveaux h\u00f4tels d\u2019une capacit\u00e9 de 110.000 autres lits sont pr\u00e9vus dans d\u2019autres projets. Des r\u00e9sultats qui sont le fruit de la politique adopt\u00e9e par le gouvernement pour le d\u00e9veloppement du secteur du Tourisme.<br \/>Aussi, il avait r\u00e9v\u00e9l\u00e9 que les pouvoirs publics songent \u00e0 revoir les textes r\u00e9glementaires relatifs aux \u00e9tablissements h\u00f4teliers, qui datent de l\u2019an 2000, et ce dans le but de se mettre au diapason des d\u00e9veloppements que conna\u00eet le secteur h\u00f4telier \u00e0 l\u2019\u00e9chelle internationale.<br \/>Sami Kaidi<\/p>\n<p>Auteur: elmoudjahid<br \/>\n<a href=\"http:\/\/www.elmoudjahid.com\/fr\/actualites\/136110\">Cliquez ici pour lire l&rsquo;article depuis sa source.<\/a><\/p>\n","protected":false},"excerpt":{"rendered":"<p>Une conf\u00e9rence a \u00e9t\u00e9 organis\u00e9e, hier \u00e0 l\u2019h\u00f4tel Azul (Alger), d\u00e9di\u00e9e aux\u00a0 pr\u00e9paratifs de la saison estivale de 2019, en pr\u00e9sence de tous les directeurs de wilaya du tourisme, ce qui constitue une premi\u00e8re pour ce type de rencontres. Un rendez-vous qui intervient quelques mois apr\u00e8s la tenue, en janvier dernier, des Assises nationales du [&hellip;]<\/p>\n","protected":false},"author":1744,"featured_media":0,"comment_status":"closed","ping_status":"closed","sticky":false,"template":"","format":"standard","meta":{"fifu_image_url":"","fifu_image_alt":"","footnotes":""},"categories":[73,53],"tags":[],"class_list":["post-29564","post","type-post","status-publish","format-standard","hentry","category-actualite","category-algerie"],"_links":{"self":[{"href":"https:\/\/linitiative.ca\/International\/wp-json\/wp\/v2\/posts\/29564","targetHints":{"allow":["GET"]}}],"collection":[{"href":"https:\/\/linitiative.ca\/International\/wp-json\/wp\/v2\/posts"}],"about":[{"href":"https:\/\/linitiative.ca\/International\/wp-json\/wp\/v2\/types\/post"}],"author":[{"embeddable":true,"href":"https:\/\/linitiative.ca\/International\/wp-json\/wp\/v2\/users\/1744"}],"replies":[{"embeddable":true,"href":"https:\/\/linitiative.ca\/International\/wp-json\/wp\/v2\/comments?post=29564"}],"version-history":[{"count":0,"href":"https:\/\/linitiative.ca\/International\/wp-json\/wp\/v2\/posts\/29564\/revisions"}],"wp:attachment":[{"href":"https:\/\/linitiative.ca\/International\/wp-json\/wp\/v2\/media?parent=29564"}],"wp:term":[{"taxonomy":"category","embeddable":true,"href":"https:\/\/linitiative.ca\/International\/wp-json\/wp\/v2\/categories?post=29564"},{"taxonomy":"post_tag","embeddable":true,"href":"https:\/\/linitiative.ca\/International\/wp-json\/wp\/v2\/tags?post=29564"}],"curies":[{"name":"wp","href":"https:\/\/api.w.org\/{rel}","templated":true}]}}