{"id":29565,"date":"2019-04-22T19:00:00","date_gmt":"2019-04-22T23:00:00","guid":{"rendered":"https:\/\/linitiative.ca\/International\/tomate-et-lait-developper-les-filieres\/"},"modified":"2019-04-22T19:00:00","modified_gmt":"2019-04-22T23:00:00","slug":"tomate-et-lait-developper-les-filieres","status":"publish","type":"post","link":"https:\/\/linitiative.ca\/International\/tomate-et-lait-developper-les-filieres\/","title":{"rendered":"Tomate et lait    :  D\u00e9velopper les fili\u00e8res"},"content":{"rendered":"<p>Le ministre de l\u2019Agriculture, du D\u00e9veloppement rural et de la P\u00eache, Cherif Omari, a recommand\u00e9 hier d\u2019\u00e9tendre les surfaces de culture de la tomate \u00e0 de nouvelles r\u00e9gions du pays, a indiqu\u00e9 un communiqu\u00e9 du minist\u00e8re. Pr\u00e9sidant une r\u00e9union de concertation avec le Conseil national interprofessionnel de la fili\u00e8re tomate (CNIFT), consacr\u00e9e aux perspectives de d\u00e9veloppement de la production nationale en tomate industrielle et en tomate de consommation, M. Omari a appel\u00e9 les professionnels de cette activit\u00e9 d\u2019\u00e9largir la culture de la tomate vers d\u2019autres r\u00e9gions du pays, outre les zones traditionnelles (est du pays), afin de diversifier la production et de faire face aux maladies.<br \/>Lors de cette rencontre \u00e0 laquelle ont pris part les cadres centraux du minist\u00e8re et les membres du CNIFT, le ministre a indiqu\u00e9 que l\u2019extension des superficies d\u00e9di\u00e9es \u00e0 cette culture dans les wilayas du centre et de l\u2019ouest devrait \u00eatre accompagn\u00e9e de nouveaux investissements dans la transformation, en vue de substituer \u00e0 l\u2019importation du triple concentr\u00e9 de tomate. Il a appel\u00e9, dans ce sens, \u00e0 valoriser l\u2019exp\u00e9rience des professionnels et le savoir-faire technique et scientifique, ainsi que les ressources naturelles pour d\u00e9velopper l\u2019amont de la fili\u00e8re et sortir de la d\u00e9pendance vis-\u00e0-vis de la semence \u00e0 travers l\u2019investissement et le partenariat.<br \/>De plus, le ministre a appel\u00e9 les membres du conseil \u00e0 encourager la cr\u00e9ation de coop\u00e9ratives afin de f\u00e9d\u00e9rer les acteurs de la fili\u00e8re (producteurs de plants et d\u2019intrants, agriculteurs et transformateurs), d\u2019asseoir la visibilit\u00e9 et de permettre aux producteurs notamment d\u2019acc\u00e9der aux moyens et services de production. Par ailleurs, M. Omari a rappel\u00e9 l\u2019importance de cette fili\u00e8re pour l\u2019\u00e9conomie nationale, en g\u00e9n\u00e9ral, et pour la production agricole, en particulier, \u00abeu \u00e9gard au volume de production qui ne cesse d\u2019augmenter, mais aussi au nombre important d\u2019emplois qu\u2019elle a cr\u00e9\u00e9\u00bb, ajoute le communiqu\u00e9. Le m\u00eame responsable a \u00e9galement soulign\u00e9 que la fili\u00e8re de la tomate, dans ses deux segments de production et de transformation, est parvenue \u00e0 satisfaire le march\u00e9 national et poss\u00e8de des capacit\u00e9s \u00e0 l\u2019export.<br \/>Le ministre a aussi invit\u00e9 dimanche les membres du Conseil national interprofessionnel de la fili\u00e8re lait \u00e0 l\u2019\u00e9laboration d\u2019une feuille de route pour le d\u00e9veloppement de cette fili\u00e8re strat\u00e9gique, indique un communiqu\u00e9 du minist\u00e8re. Lors d\u2019une r\u00e9union tenue au si\u00e8ge de son minist\u00e8re, M. Omari a exhort\u00e9 ces professionnels \u00e0 \u00e9laborer une feuille de route qui puisse prendre en charge les dol\u00e9ances des \u00e9leveurs, producteurs, collecteurs et les laiteries, dans le but de d\u00e9velopper cette fili\u00e8re, notamment pour ce qui est du d\u00e9veloppement du lait cru. Il a saisi cette occasion pour rappeler les objectifs essentiels assign\u00e9s \u00e0 cette fili\u00e8re, \u00e0 savoir le d\u00e9veloppement de la production nationale de lait cru, pour r\u00e9pondre aux besoins de consommation et la r\u00e9duction de la d\u00e9pendance du pays vis-\u00e0-vis de la poudre de lait.<br \/>\u00a0<\/p>\n<p>Auteur: elmoudjahid<br \/>\n<a href=\"http:\/\/www.elmoudjahid.com\/fr\/actualites\/136111\">Cliquez ici pour lire l&rsquo;article depuis sa source.<\/a><\/p>\n","protected":false},"excerpt":{"rendered":"<p>Le ministre de l\u2019Agriculture, du D\u00e9veloppement rural et de la P\u00eache, Cherif Omari, a recommand\u00e9 hier d\u2019\u00e9tendre les surfaces de culture de la tomate \u00e0 de nouvelles r\u00e9gions du pays, a indiqu\u00e9 un communiqu\u00e9 du minist\u00e8re. Pr\u00e9sidant une r\u00e9union de concertation avec le Conseil national interprofessionnel de la fili\u00e8re tomate (CNIFT), consacr\u00e9e aux perspectives de [&hellip;]<\/p>\n","protected":false},"author":1744,"featured_media":0,"comment_status":"closed","ping_status":"closed","sticky":false,"template":"","format":"standard","meta":{"fifu_image_url":"","fifu_image_alt":"","footnotes":""},"categories":[73,53],"tags":[],"class_list":["post-29565","post","type-post","status-publish","format-standard","hentry","category-actualite","category-algerie"],"_links":{"self":[{"href":"https:\/\/linitiative.ca\/International\/wp-json\/wp\/v2\/posts\/29565","targetHints":{"allow":["GET"]}}],"collection":[{"href":"https:\/\/linitiative.ca\/International\/wp-json\/wp\/v2\/posts"}],"about":[{"href":"https:\/\/linitiative.ca\/International\/wp-json\/wp\/v2\/types\/post"}],"author":[{"embeddable":true,"href":"https:\/\/linitiative.ca\/International\/wp-json\/wp\/v2\/users\/1744"}],"replies":[{"embeddable":true,"href":"https:\/\/linitiative.ca\/International\/wp-json\/wp\/v2\/comments?post=29565"}],"version-history":[{"count":0,"href":"https:\/\/linitiative.ca\/International\/wp-json\/wp\/v2\/posts\/29565\/revisions"}],"wp:attachment":[{"href":"https:\/\/linitiative.ca\/International\/wp-json\/wp\/v2\/media?parent=29565"}],"wp:term":[{"taxonomy":"category","embeddable":true,"href":"https:\/\/linitiative.ca\/International\/wp-json\/wp\/v2\/categories?post=29565"},{"taxonomy":"post_tag","embeddable":true,"href":"https:\/\/linitiative.ca\/International\/wp-json\/wp\/v2\/tags?post=29565"}],"curies":[{"name":"wp","href":"https:\/\/api.w.org\/{rel}","templated":true}]}}