{"id":29566,"date":"2019-04-22T19:00:00","date_gmt":"2019-04-22T23:00:00","guid":{"rendered":"https:\/\/linitiative.ca\/International\/nouvelle-aerogare-dalger-inauguration-le-29-avril\/"},"modified":"2019-04-22T19:00:00","modified_gmt":"2019-04-22T23:00:00","slug":"nouvelle-aerogare-dalger-inauguration-le-29-avril","status":"publish","type":"post","link":"https:\/\/linitiative.ca\/International\/nouvelle-aerogare-dalger-inauguration-le-29-avril\/","title":{"rendered":"Nouvelle a\u00e9rogare d\u2019Alger :  inauguration  le 29 avril"},"content":{"rendered":"<p>La nouvelle a\u00e9rogare de l\u2019a\u00e9roport international Houari-Boumedi\u00e8ne, qualifi\u00e9e de \u00abbijou architectural\u00bb et qui fera certainement partie d\u2019un des plus beaux a\u00e9roports d\u2019Afrique, sera enfin inaugur\u00e9e et mise en service avant la fin de ce mois d\u2019avril. Cette bonne nouvelle, tant attendue du reste, a \u00e9t\u00e9 annonc\u00e9e par le PDG de l\u2019Entreprise de gestion des services a\u00e9roportuaires (EGSA), qui a fait savoir que l\u2019a\u00e9roport sera mis en service au plus tard le 29 avril.<br \/>\u00abJ\u2019ai re\u00e7u l\u2019accord de principe pour ouvrir l\u2019a\u00e9rogare aux passagers \u00e0 partir de dimanche ou au plus tard lundi prochain\u00bb, a affirm\u00e9 Tahar Allache, dans une d\u00e9claration \u00e0 la presse nationale.<br \/>N\u00e9anmoins, le PDG de l\u2019EGSA a indiqu\u00e9 que la mise en service de la nouvelle a\u00e9rogare, qu\u2019il a consid\u00e9r\u00e9 comme \u00abultramoderne\u00bb, se fera par \u00e9tapes. \u00abNous allons commencer d\u2019abord par Air Alg\u00e9rie et les vols en direction de Paris. Ensuite, nous allons transf\u00e9rer les autres compagnies et les autres vols\u00bb, a-t-il pr\u00e9cis\u00e9.\u00a0Le responsable signalera \u00e9galement qu\u2019une r\u00e9union est pr\u00e9vue entre l\u2019EGSA et la compagnie a\u00e9rienne nationale, pour mettre en \u0153uvre le plan de l\u2019entr\u00e9e en service de la nouvelle a\u00e9rogare internationale d\u2019Alger. \u00abNous voulons conna\u00eetre le d\u00e9lai dont a besoin Air Alg\u00e9rie pour informer ses passagers sur le transfert des vols vers Paris. De ce d\u00e9lai, d\u00e9pendra la mise en service de l\u2019a\u00e9rogare\u00bb, a fait remarquer le premier responsable de l\u2019entreprise.<br \/>\u00c0 noter que le co\u00fbt global de cette nouvelle zone du terminal passager a \u00e9t\u00e9 estim\u00e9 \u00e0 74 milliards de DA. Celui-ci occupe une superficie de 20 hectares.<br \/>Par ailleurs, la nouvelle a\u00e9rogare sera dot\u00e9e d\u2019un parking de 4.500 places, de 3 parkings avions et voies de circulation d\u2019une superficie de plus de 424.000 m2.<br \/>Elle dispose de 120 points d\u2019enregistrement, de 84 guichets de contr\u00f4le et de 9 tapis roulants.<br \/>Le financement est assur\u00e9, rappelons-le, par l\u2019Entreprise de gestion des a\u00e9roports d\u2019Alger \u00e0 hauteur de 45 milliards de DA, tandis que le reste a \u00e9t\u00e9 financ\u00e9 par le Tr\u00e9sor public. Cette nouvelle a\u00e9rogare, dont les travaux ont \u00e9t\u00e9 confi\u00e9s \u00e0 la soci\u00e9t\u00e9 chinoise CSCEC, compte assurer un trafic de 10 millions de passagers\/an et a la capacit\u00e9 de g\u00e9rer 1.800 bagages\/heure.<br \/>Sur un autre registre, les travaux de r\u00e9alisation de la ligne ferroviaire devant desservir l\u2019a\u00e9roport international d\u2019Alger ont atteint un taux tr\u00e8s avanc\u00e9, et sa mise en service devra intervenir parall\u00e8lement \u00e0 l\u2019inauguration de la nouvelle a\u00e9rogare d\u2019Alger.<br \/>Ce projet, qui dotera bient\u00f4t l\u2019a\u00e9roport d\u2019Alger d\u2019une nouvelle offre de transport, comprend une ligne ferroviaire \u00e0 partir de la gare de Bab Ezzouar jusqu\u2019au complexe de l\u2019a\u00e9roport, sur un lin\u00e9aire de 2,8 km, dont 1,6 km de tunnel r\u00e9alis\u00e9 sous la Rocade autorouti\u00e8re sud reliant Dar El-Beida \u00e0 Ben Aknoun.<br \/>Dans ce contexte, le train reliant l\u2019a\u00e9roport d\u2019Alger \u00e0 la gare d\u2019Agha est d\u00e9j\u00e0 pr\u00eat \u00e0 \u00eatre mis en service, les essais de marche ayant \u00e9t\u00e9 largement concluants au mois de janvier dernier. \u00c0 noter que pour la capacit\u00e9 de transport de cette liaison, des d\u00e9parts sont pr\u00e9vus toutes les demi-heures pour le transport de 18.000 \u00e0 20.000 passagers par jour, selon les pr\u00e9visions de l\u2019Agence nationale d\u2019\u00e9tude et de suivi de la r\u00e9alisation des investissements ferroviaires (Anesrif).<br \/>Il faut dire, \u00e9galement, que les travaux sont en cours pour la livraison du tron\u00e7on d\u2019extension du m\u00e9tro d\u2019Alger \u00e0 partir de la station d\u2019El- Harrach vers l\u2019a\u00e9roport Houari-Boumedi\u00e8ne. La ligne s\u2019\u00e9tend sur 9.5 km avec 9 stations, et qui devrai \u00eatre r\u00e9ceptionn\u00e9e \u00e0 l\u2019horizon 2023.<br \/><strong>Sarah A. Benali Cherif<\/strong><\/p>\n<p>Auteur: elmoudjahid<br \/>\n<a href=\"http:\/\/www.elmoudjahid.com\/fr\/actualites\/136112\">Cliquez ici pour lire l&rsquo;article depuis sa source.<\/a><\/p>\n","protected":false},"excerpt":{"rendered":"<p>La nouvelle a\u00e9rogare de l\u2019a\u00e9roport international Houari-Boumedi\u00e8ne, qualifi\u00e9e de \u00abbijou architectural\u00bb et qui fera certainement partie d\u2019un des plus beaux a\u00e9roports d\u2019Afrique, sera enfin inaugur\u00e9e et mise en service avant la fin de ce mois d\u2019avril. Cette bonne nouvelle, tant attendue du reste, a \u00e9t\u00e9 annonc\u00e9e par le PDG de l\u2019Entreprise de gestion des services [&hellip;]<\/p>\n","protected":false},"author":1744,"featured_media":0,"comment_status":"closed","ping_status":"closed","sticky":false,"template":"","format":"standard","meta":{"fifu_image_url":"","fifu_image_alt":"","footnotes":""},"categories":[73,53],"tags":[],"class_list":["post-29566","post","type-post","status-publish","format-standard","hentry","category-actualite","category-algerie"],"_links":{"self":[{"href":"https:\/\/linitiative.ca\/International\/wp-json\/wp\/v2\/posts\/29566","targetHints":{"allow":["GET"]}}],"collection":[{"href":"https:\/\/linitiative.ca\/International\/wp-json\/wp\/v2\/posts"}],"about":[{"href":"https:\/\/linitiative.ca\/International\/wp-json\/wp\/v2\/types\/post"}],"author":[{"embeddable":true,"href":"https:\/\/linitiative.ca\/International\/wp-json\/wp\/v2\/users\/1744"}],"replies":[{"embeddable":true,"href":"https:\/\/linitiative.ca\/International\/wp-json\/wp\/v2\/comments?post=29566"}],"version-history":[{"count":0,"href":"https:\/\/linitiative.ca\/International\/wp-json\/wp\/v2\/posts\/29566\/revisions"}],"wp:attachment":[{"href":"https:\/\/linitiative.ca\/International\/wp-json\/wp\/v2\/media?parent=29566"}],"wp:term":[{"taxonomy":"category","embeddable":true,"href":"https:\/\/linitiative.ca\/International\/wp-json\/wp\/v2\/categories?post=29566"},{"taxonomy":"post_tag","embeddable":true,"href":"https:\/\/linitiative.ca\/International\/wp-json\/wp\/v2\/tags?post=29566"}],"curies":[{"name":"wp","href":"https:\/\/api.w.org\/{rel}","templated":true}]}}