{"id":29568,"date":"2019-04-22T19:00:00","date_gmt":"2019-04-22T23:00:00","guid":{"rendered":"https:\/\/linitiative.ca\/International\/mouvement-du-22-fevrier-nouveaux-modeles-de-pratique-de-la-citoyennete\/"},"modified":"2019-04-22T19:00:00","modified_gmt":"2019-04-22T23:00:00","slug":"mouvement-du-22-fevrier-nouveaux-modeles-de-pratique-de-la-citoyennete","status":"publish","type":"post","link":"https:\/\/linitiative.ca\/International\/mouvement-du-22-fevrier-nouveaux-modeles-de-pratique-de-la-citoyennete\/","title":{"rendered":"Mouvement du 22 f\u00e9vrier : Nouveaux mod\u00e8les de pratique de la citoyennet\u00e9"},"content":{"rendered":"<p>Des conf\u00e9renciers universitaires animant un d\u00e9bat sur le mouvement populaire contestant pacifiquement le pouvoir politique depuis le 22 f\u00e9vrier dernier, ont appel\u00e9 hier \u00e0 Oran les sociologues \u00e0 accompagner cette dynamique populaire \u00e0 travers des travaux de terrain.<br \/>S\u2019exprimant lors d\u2019une rencontre-d\u00e9bat, initi\u00e9e par le Centre de recherches en anthropologie sociale et culturelle (CRASC) autour du th\u00e8me \u00abHirak du 22 f\u00e9vrier 2019 : premiers enseignements\u00bb, le professeur en sociologie \u00e0 l\u2019universit\u00e9 d\u2019Oran 2, Mohamed Mebtoul, a estim\u00e9 que \u00abce soul\u00e8vement populaire pacifique n\u00e9cessite une contribution scientifique par les sociologues, appel\u00e9s \u00e0 descendre sur le terrain et investir leur savoir sur cette importante p\u00e9riode nationale d\u00e9cisive\u00bb. \u00abDivers valeurs et enseignements dans ce mouvement social n\u00e9cessitent d\u2019\u00eatre d\u00e9crypt\u00e9s \u00e0 travers, notamment, des lectures et analyses sociologiques mettant en valeur cette richesse d\u2019expression populaire collective\u00bb, a-t-il soutenu. L\u2019\u00e9mergence de nouveaux discours populaires, \u00e0 l\u2019instar de celui exprim\u00e9 par la jeunesse, les slogans, l\u2019humour, le pacifisme du mouvement ainsi que la lev\u00e9e du drapeau national interpellent les sociologues, \u00e0 plus d\u2019un titre, \u00e0 se pencher davantage dans la recherche et l\u2019analyse acad\u00e9mique de ce mouvement historique, a-t-il ajout\u00e9. De son c\u00f4t\u00e9, Belkacem Benzenine, chercheur en sciences politique au CRASC \u00e0 Oran, a soulign\u00e9 l\u2019importance du caract\u00e8re pacifique de cette mobilisation populaire, devant laquelle les sp\u00e9cialistes devront fournir une r\u00e9flexion et une analyse pour expliquer ses dimensions. Pour lui, ces manifestations populaires refl\u00e8tent le recours \u00e0 l\u2019exercice de nouveaux mod\u00e8les de pratique de la citoyennet\u00e9 collective, pour laquelle il est important de s\u2019int\u00e9resser \u00e0 travers la recherche et l\u2019analyse. \u00abLa jeunesse alg\u00e9rienne ne se contente pas de d\u00e9noncer et d\u2019exprimer son d\u00e9sarroi contre la mauvaise gestion et la corruption, mais elle sugg\u00e8re \u00e9galement des \u00e9l\u00e9ments pour l\u2019\u00e9dification d\u2019une soci\u00e9t\u00e9 moderne et d\u2019un Etat de droit\u00bb, a-t-il d\u00e9clar\u00e9.<\/p>\n<p>Auteur: elmoudjahid<br \/>\n<a href=\"http:\/\/www.elmoudjahid.com\/fr\/actualites\/136114\">Cliquez ici pour lire l&rsquo;article depuis sa source.<\/a><\/p>\n","protected":false},"excerpt":{"rendered":"<p>Des conf\u00e9renciers universitaires animant un d\u00e9bat sur le mouvement populaire contestant pacifiquement le pouvoir politique depuis le 22 f\u00e9vrier dernier, ont appel\u00e9 hier \u00e0 Oran les sociologues \u00e0 accompagner cette dynamique populaire \u00e0 travers des travaux de terrain.S\u2019exprimant lors d\u2019une rencontre-d\u00e9bat, initi\u00e9e par le Centre de recherches en anthropologie sociale et culturelle (CRASC) autour du [&hellip;]<\/p>\n","protected":false},"author":1744,"featured_media":0,"comment_status":"closed","ping_status":"closed","sticky":false,"template":"","format":"standard","meta":{"fifu_image_url":"","fifu_image_alt":"","footnotes":""},"categories":[73,53],"tags":[],"class_list":["post-29568","post","type-post","status-publish","format-standard","hentry","category-actualite","category-algerie"],"_links":{"self":[{"href":"https:\/\/linitiative.ca\/International\/wp-json\/wp\/v2\/posts\/29568","targetHints":{"allow":["GET"]}}],"collection":[{"href":"https:\/\/linitiative.ca\/International\/wp-json\/wp\/v2\/posts"}],"about":[{"href":"https:\/\/linitiative.ca\/International\/wp-json\/wp\/v2\/types\/post"}],"author":[{"embeddable":true,"href":"https:\/\/linitiative.ca\/International\/wp-json\/wp\/v2\/users\/1744"}],"replies":[{"embeddable":true,"href":"https:\/\/linitiative.ca\/International\/wp-json\/wp\/v2\/comments?post=29568"}],"version-history":[{"count":0,"href":"https:\/\/linitiative.ca\/International\/wp-json\/wp\/v2\/posts\/29568\/revisions"}],"wp:attachment":[{"href":"https:\/\/linitiative.ca\/International\/wp-json\/wp\/v2\/media?parent=29568"}],"wp:term":[{"taxonomy":"category","embeddable":true,"href":"https:\/\/linitiative.ca\/International\/wp-json\/wp\/v2\/categories?post=29568"},{"taxonomy":"post_tag","embeddable":true,"href":"https:\/\/linitiative.ca\/International\/wp-json\/wp\/v2\/tags?post=29568"}],"curies":[{"name":"wp","href":"https:\/\/api.w.org\/{rel}","templated":true}]}}