{"id":29569,"date":"2019-04-22T19:00:00","date_gmt":"2019-04-22T23:00:00","guid":{"rendered":"https:\/\/linitiative.ca\/International\/m-ali-ghediri-invite-de-notre-forum-ecourter-la-transition-et-aller-vite-a-la-presidentielle\/"},"modified":"2019-04-22T19:00:00","modified_gmt":"2019-04-22T23:00:00","slug":"m-ali-ghediri-invite-de-notre-forum-ecourter-la-transition-et-aller-vite-a-la-presidentielle","status":"publish","type":"post","link":"https:\/\/linitiative.ca\/International\/m-ali-ghediri-invite-de-notre-forum-ecourter-la-transition-et-aller-vite-a-la-presidentielle\/","title":{"rendered":"M. Ali Ghediri, invit\u00e9 de notre Forum :  \u00ab \u00e9courter la transition et aller vite  \u00e0 la pr\u00e9sidentielle \u00bb"},"content":{"rendered":"<p><strong>\u00abL\u2019\u00e9lection pr\u00e9sidentielle constitue actuellement la seule solution qui garantit la pr\u00e9servation de la stabilit\u00e9 politique du pays\u00bb, a affirm\u00e9 l\u2019ancien g\u00e9n\u00e9ral \u00e0 la retraite, actuel candidat \u00e0 l\u2019\u00e9lection pr\u00e9sidentielle, pr\u00e9vue pour le 4 juillet prochain. M. Ali Ghediri, qui \u00e9tait hier l\u2019invit\u00e9 de notre Forum, ne voit pas d\u2019autre issue \u00e0 la crise actuelle que traverse notre pays, que de rester dans la l\u00e9gitimit\u00e9 constitutionnelle et d\u2019aller au plus vite vers des \u00e9lections. \u00abMon principe est de rester dans la l\u00e9galit\u00e9 et le cadrage l\u00e9gal du processus, et je suis un fervent d\u00e9fenseur de ceux qui demandent le d\u00e9part du syst\u00e8me, mais je suis aussi d\u00e9fenseur de la continuit\u00e9 de l\u2019\u00c9tat\u00bb, a-t-il affirm\u00e9.<\/strong><\/p>\n<p>M.\u00a0 Ghediri ne craint-il pas de perdre de sa cr\u00e9dibilit\u00e9 face \u00e0 des Alg\u00e9riens qui rejettent ces \u00e9lections s\u2019il maintient sa candidature ? Notre invit\u00e9 estime que s\u2019il \u00e9carte cette voie l\u00e9gale, il faut pr\u00e9senter au peuple une autre voie et il n\u2019ya pas actuellement d\u2019autres voies que celle du danger, de l\u2019anarchie et du d\u00e9bordement.\u00a0 \u00abM\u00eame si on trouve \u00e0 redire sur le contenu de la Constitution, elle a le m\u00e9rite d\u2019exister et d\u2019\u00eatre l\u00e0 et on n\u2019a d\u2019autres choix que de la respecter, le chemin le plus court et le plus s\u00fbr c\u2019est d\u2019aller \u00e0 ces \u00e9lections. Maintenant on peut discuter sur comment garantir ce scrutin\u00bb.<br \/>Les garanties pour la transparence de ces \u00e9lections ? \u00abCe sont les Alg\u00e9riens qui assureront cette cr\u00e9dibilit\u00e9 quand pr\u00e8s de 20 millions d\u2019Alg\u00e9riens sortent dans la rue plus rien ne leur fait peur ni les institutions ni les personnes, il n\u2019 y a pas meilleur garanties que la volont\u00e9 populaire et meilleur garant c\u2019est l\u2019\u00e9veil de la population\u00bb.<br \/>Abordant la principale revendication des Alg\u00e9riens, \u00e0 savoir le d\u00e9part du syst\u00e8me, notre invit\u00e9 affirme et confirme ses dires lors de ses diff\u00e9rentes sorties m\u00e9diatiques en disant que \u00abce syst\u00e8me politique montre des signes de vieillissement car il n\u2019a pas eu l\u2019intelligence de le r\u00e9g\u00e9n\u00e9rer par de nouveaux acteurs m\u00eame si aujourd\u2019hui, il s\u2019accroche car il est finissant et j\u2019invite le peuple a lui donner actuellement le coup de gr\u00e2ce\u00bb dira M. Ghediri.<br \/>A la question de savoir si l\u2019ancien g\u00e9n\u00e9ral \u00e0 la retraite a d\u00e9pos\u00e9 son dossier de candidature pour le scrutin du 4 juillet prochain, notre invit\u00e9 dira que j\u2019\u00e9tais candidat depuis janvier dernier, j\u2019ai d\u00e9pos\u00e9 mon dossier pour les \u00e9lections report\u00e9es et normalement ma candidature sera prise en consid\u00e9ration pour le prochain scrutin maintenant si ceux qui d\u00e9cident sont de bonne foi on acceptera mon dossier et on me d\u00e9clarera candidat mais si l\u2019on d\u00e9cide de ne pas avaliser ma candidature ils devront assumer leur responsabilit\u00e9 devant l\u2019histoire\u00bb.<\/p>\n<p><strong>\u00ab Personne ne d\u00e9tient le monopole\u00a0 de l\u2019identit\u00e9 nationale qui ne doit subir aucune surench\u00e8re. \u00bb<\/strong><\/p>\n<p>A la question de savoir pourquoi M. Ghediri et d\u2019autres personnalit\u00e9s n\u2019ont pas ouvert un d\u00e9bat avec toute la classe politique afin de r\u00e9pondre aux revendications des Alg\u00e9riens, notre invit\u00e9 r\u00e9v\u00e8le que depuis qu\u2019il a annonc\u00e9 sa candidature pour les \u00e9lections pr\u00e9sidentielles annul\u00e9es, il a subi jusqu&rsquo;\u00e0 la derni\u00e8re minute des pressions \u00e9normes pour se retirer de ces \u00e9lections \u00abCinq voitures me filaient constamment, mes lignes t\u00e9l\u00e9phoniques et celles de ma familles \u00e9taient sur \u00e9coute, on me suivait l\u00e0 ou j\u2019allais mais j\u2019ai choisi cette voie et je l\u2019assume\u00bb. Notre invit\u00e9 dira qu\u2019il \u00e9tait impossible d\u2019organiser le moindre d\u00e9bat car les conditions n\u2019\u00e9taient pas r\u00e9unies \u00abMaintenant si je suis \u00e9lu et que je ne respecte pas mes engagements, ceux d\u2019ouvrir et lib\u00e9rer les d\u00e9bats je vous donne le droit de m\u2019interpeller\u00bb, r\u00e9pondra notre invit\u00e9.<br \/>Sur la question de l\u2019identit\u00e9 nationale et de la pol\u00e9mique autour de la multitude de drapeaux exhib\u00e9s lors des manifestations, l\u2019ancien g\u00e9n\u00e9ral \u00e0 la retraite et actuel candidat aux \u00e9lections dira que \u00abl\u2019Alg\u00e9rie s\u2019est lib\u00e9r\u00e9e du colonisateur avec un seul drapeau Je dis \u00e7a sans aucune d\u00e9magogie, personne n\u2019a le monopole de l\u2019identit\u00e9 nationale, je refuse toute surench\u00e8re sur l\u2019identit\u00e9 alg\u00e9rienne, le triptyque est assum\u00e9 par tous les alg\u00e9riens : l\u2019arabit\u00e9, l\u2019amazighit\u00e9 et l\u2019islamit\u00e9 nous les assumons et je vais vous rajouter une autre dimension qui est l\u2019africanit\u00e9 qui est aussi importante il n\u2019appartient \u00e0 personne de d\u2019accaparer les dimensions de l\u2019identit\u00e9 nationale\u00bb.<br \/>Abordant la probl\u00e9matique des dangers qui risquent de guetter l\u2019Alg\u00e9rie si la situation ne trouve pas d\u2019issues, M. Ghediri \u00e9voquera de r\u00e9elles volont\u00e9s d\u2019ing\u00e9rences indirectes, \u00ables d\u00e9clarations de BHL sur la situation du pays, la r\u00e9union qui s\u2019est tenue \u00e0 Doha pour discuter de ce qui se passe en Alg\u00e9rie et d\u2019autres man\u0153uvres ne sont pas innocentes\u00bb a-t-il estim\u00e9.<br \/>M.\u2008Ghediri, tout en accueillant favorablement les diff\u00e9rentes interventions de l\u2019ANP, en appelle au chef d\u2019\u00e9tat-major \u00e0 \u00abfaire beaucoup plus en accompagnant ce peuple dans ses revendications et assumer jusqu\u2019au bout le respect de sa volont\u00e9\u00bb. Commentant les r\u00e9unions de concertations qui se se sont d\u00e9roul\u00e9es hier, au Palais des Nations, notre invit\u00e9 r\u00e9v\u00e9lera qu\u2019il n\u2019a pas \u00e9t\u00e9 ni invit\u00e9 ni approch\u00e9 pour participer \u00e0 ces consultations. \u00abEt m\u00eame si j\u2019avais \u00e9t\u00e9 invit\u00e9, je n\u2019aurais pas accept\u00e9. Toutefois, je ne crois pas que d\u2019\u00e9ventuelles d\u00e9cisions pourraient d\u00e9couler de cette r\u00e9union, je lui souhaite de r\u00e9ussir\u00bb.<br \/><strong>\u00a0\u00a0 \u00a0Farida Larbi<\/strong><\/p>\n<p>Auteur: elmoudjahid<br \/>\n<a href=\"http:\/\/www.elmoudjahid.com\/fr\/actualites\/136115\">Cliquez ici pour lire l&rsquo;article depuis sa source.<\/a><\/p>\n","protected":false},"excerpt":{"rendered":"<p>\u00abL\u2019\u00e9lection pr\u00e9sidentielle constitue actuellement la seule solution qui garantit la pr\u00e9servation de la stabilit\u00e9 politique du pays\u00bb, a affirm\u00e9 l\u2019ancien g\u00e9n\u00e9ral \u00e0 la retraite, actuel candidat \u00e0 l\u2019\u00e9lection pr\u00e9sidentielle, pr\u00e9vue pour le 4 juillet prochain. M. Ali Ghediri, qui \u00e9tait hier l\u2019invit\u00e9 de notre Forum, ne voit pas d\u2019autre issue \u00e0 la crise actuelle que [&hellip;]<\/p>\n","protected":false},"author":1744,"featured_media":0,"comment_status":"closed","ping_status":"closed","sticky":false,"template":"","format":"standard","meta":{"fifu_image_url":"","fifu_image_alt":"","footnotes":""},"categories":[73,53],"tags":[],"class_list":["post-29569","post","type-post","status-publish","format-standard","hentry","category-actualite","category-algerie"],"_links":{"self":[{"href":"https:\/\/linitiative.ca\/International\/wp-json\/wp\/v2\/posts\/29569","targetHints":{"allow":["GET"]}}],"collection":[{"href":"https:\/\/linitiative.ca\/International\/wp-json\/wp\/v2\/posts"}],"about":[{"href":"https:\/\/linitiative.ca\/International\/wp-json\/wp\/v2\/types\/post"}],"author":[{"embeddable":true,"href":"https:\/\/linitiative.ca\/International\/wp-json\/wp\/v2\/users\/1744"}],"replies":[{"embeddable":true,"href":"https:\/\/linitiative.ca\/International\/wp-json\/wp\/v2\/comments?post=29569"}],"version-history":[{"count":0,"href":"https:\/\/linitiative.ca\/International\/wp-json\/wp\/v2\/posts\/29569\/revisions"}],"wp:attachment":[{"href":"https:\/\/linitiative.ca\/International\/wp-json\/wp\/v2\/media?parent=29569"}],"wp:term":[{"taxonomy":"category","embeddable":true,"href":"https:\/\/linitiative.ca\/International\/wp-json\/wp\/v2\/categories?post=29569"},{"taxonomy":"post_tag","embeddable":true,"href":"https:\/\/linitiative.ca\/International\/wp-json\/wp\/v2\/tags?post=29569"}],"curies":[{"name":"wp","href":"https:\/\/api.w.org\/{rel}","templated":true}]}}