{"id":29570,"date":"2019-04-22T19:00:00","date_gmt":"2019-04-22T23:00:00","guid":{"rendered":"https:\/\/linitiative.ca\/International\/pour-la-reconfiguration-de-la-cartographie-politique-en-algerie\/"},"modified":"2019-04-22T19:00:00","modified_gmt":"2019-04-22T23:00:00","slug":"pour-la-reconfiguration-de-la-cartographie-politique-en-algerie","status":"publish","type":"post","link":"https:\/\/linitiative.ca\/International\/pour-la-reconfiguration-de-la-cartographie-politique-en-algerie\/","title":{"rendered":"Pour la reconfiguration  de la cartographie politique en Alg\u00e9rie"},"content":{"rendered":"<p>Le g\u00e9n\u00e9ral major \u00e0 la retraite, et actuel candidat aux \u00e9lections pr\u00e9sidentielles, M. Ali Ghediri, a soulign\u00e9, la n\u00e9cessit\u00e9 d\u2019op\u00e9rer des changements sur la sc\u00e8ne politique en Alg\u00e9rie.<br \/>M. Ghediri a affirm\u00e9 lors de son passage au forum d\u2019El Moudjahid, que \u00ables partis qui ont servi de paravent au syst\u00e8me en lui donnant la caution de la l\u00e9gitimit\u00e9 historique, feront partie de ceux qui doivent d\u00e9barrasser la sc\u00e8ne politique dans la deuxi\u00e8me R\u00e9publique\u00bb. Celui-ci ira plus loin en affirmant que des partis et des groupes se sont accapar\u00e9s de l\u2019histoire et qu\u2019\u00abil \u00e9tait temps que cette histoire revienne \u00e0 son l\u00e9gataire qui est le peuple\u00bb.<br \/>\u00abNul n\u2019a le monopole de l\u2019histoire. Il y a eu un accaparement manifeste et outrageux de l\u2019histoire, des richesses de l\u2019identit\u00e9 et de la r\u00e9volution et de la religion\u00bb, a-t-il regrett\u00e9. Et d\u2019ajouter que, \u00abces partis ne seront pas dissous mais Il y aura une reconfiguration de la cartographie politique en Alg\u00e9rie, sur la base de nouveaux crit\u00e8res et des nouveaux rapports tels que l\u2019impose un Etat d\u00e9mocratique authentiquement r\u00e9publicain\u00bb.Abordant par ailleurs le sujet de l\u2019accompagnement de l\u2019institution militaire de la p\u00e9riode de transition, M. Ghediri a estim\u00e9 que l\u2019Arm\u00e9e nationale est en train de faire de la politique par d\u00e9faut. Selon lui, \u00abcette intrusion s\u2019est faite naturellement parce que les institutions ont failli\u00bb. \u00abC\u2019est une institution qui appartient \u00e0 tout le peuple et qui est en train de faire ce qu\u2019elle croit \u00eatre bon pour r\u00e9pondre aux revendications du peuple qui est sorti dans la rue exiger le changement radical\u00bb, a-t-il argument\u00e9.<br \/>Pour M. Ghediri, \u00abl\u2019institution militaire doit aujourd\u2019hui, accompagner la transition d\u00e9mocratique en Alg\u00e9rie puis retourner exercer ses fonctions constitutionnelles apr\u00e8s avoir veill\u00e9 \u00e0 ce que le peuple recouvre sa souverainet\u00e9 sur la sc\u00e9ne politique\u00bb.<br \/>Du syst\u00e8me politique en Alg\u00e9rie M. Ghediri estime que ce dernier s\u2019il pouvait le circonscrire en quelques personnes, le probl\u00e8me ne se poserait plus. \u00abMais le syst\u00e8me est beaucoup plus compliqu\u00e9 que \u00e7a\u00bb, a-t-il affirm\u00e9. \u00abLe syst\u00e8me est une philosophie, un mode de pens\u00e9e, le fonctionnement de l\u2019Etat. Les partis politiques font partie \u00e9galement de ce syst\u00e8me qu\u2019ils nourrissent et dont ils se nourrissent\u00bb, a-t-il dit. De ce fait, le futur candidat aux \u00e9lections du 4 juillet prochain propose dans son programme \u00e9lectoral, une \u00abrupture sans reniement\u00bb qui vise \u00e0 mettre fin \u00e0 \u00abla corruption, \u00e0 l\u2019autoritarisme, au syst\u00e8me rentier et client\u00e9liste. Celui des groupes d\u2019int\u00e9r\u00eats et des oligarques\u00bb. Le projet alternatif de ce militaire \u00e0 la retraite comprend la construction d\u2019une \u00abIIe R\u00e9publique, r\u00e9ellement d\u00e9mocratique et moderne. Un Etat de droit reposant sur les libert\u00e9s individuelles et les valeurs communes nationales o\u00f9 le citoyen sera le d\u00e9terminant central\u00bb.<br \/>Son projet, il le con\u00e7oit \u00abavec la participation du peuple aussi bien dans sa d\u00e9finition que dans sa mise en \u0153uvre\u00bb. Estimant enfin, que\u00bb la rupture est un \u00abcombat d\u2019id\u00e9es\u00bb, il fait appel au peuple pour le mener, \u00aben indispensable jonction avec son \u00e9lite\u00bb.<br \/><strong>Salima Ettouahria<\/strong><\/p>\n<p>Auteur: elmoudjahid<br \/>\n<a href=\"http:\/\/www.elmoudjahid.com\/fr\/actualites\/136116\">Cliquez ici pour lire l&rsquo;article depuis sa source.<\/a><\/p>\n","protected":false},"excerpt":{"rendered":"<p>Le g\u00e9n\u00e9ral major \u00e0 la retraite, et actuel candidat aux \u00e9lections pr\u00e9sidentielles, M. Ali Ghediri, a soulign\u00e9, la n\u00e9cessit\u00e9 d\u2019op\u00e9rer des changements sur la sc\u00e8ne politique en Alg\u00e9rie.M. Ghediri a affirm\u00e9 lors de son passage au forum d\u2019El Moudjahid, que \u00ables partis qui ont servi de paravent au syst\u00e8me en lui donnant la caution de [&hellip;]<\/p>\n","protected":false},"author":1744,"featured_media":0,"comment_status":"closed","ping_status":"closed","sticky":false,"template":"","format":"standard","meta":{"fifu_image_url":"","fifu_image_alt":"","footnotes":""},"categories":[73,53],"tags":[],"class_list":["post-29570","post","type-post","status-publish","format-standard","hentry","category-actualite","category-algerie"],"_links":{"self":[{"href":"https:\/\/linitiative.ca\/International\/wp-json\/wp\/v2\/posts\/29570","targetHints":{"allow":["GET"]}}],"collection":[{"href":"https:\/\/linitiative.ca\/International\/wp-json\/wp\/v2\/posts"}],"about":[{"href":"https:\/\/linitiative.ca\/International\/wp-json\/wp\/v2\/types\/post"}],"author":[{"embeddable":true,"href":"https:\/\/linitiative.ca\/International\/wp-json\/wp\/v2\/users\/1744"}],"replies":[{"embeddable":true,"href":"https:\/\/linitiative.ca\/International\/wp-json\/wp\/v2\/comments?post=29570"}],"version-history":[{"count":0,"href":"https:\/\/linitiative.ca\/International\/wp-json\/wp\/v2\/posts\/29570\/revisions"}],"wp:attachment":[{"href":"https:\/\/linitiative.ca\/International\/wp-json\/wp\/v2\/media?parent=29570"}],"wp:term":[{"taxonomy":"category","embeddable":true,"href":"https:\/\/linitiative.ca\/International\/wp-json\/wp\/v2\/categories?post=29570"},{"taxonomy":"post_tag","embeddable":true,"href":"https:\/\/linitiative.ca\/International\/wp-json\/wp\/v2\/tags?post=29570"}],"curies":[{"name":"wp","href":"https:\/\/api.w.org\/{rel}","templated":true}]}}