{"id":29572,"date":"2019-04-22T19:00:00","date_gmt":"2019-04-22T23:00:00","guid":{"rendered":"https:\/\/linitiative.ca\/International\/presidentielle-du-4-juillet-32-lettres-dintention-deposees-au-niveau-du-ministere-de-linterieur\/"},"modified":"2019-04-22T19:00:00","modified_gmt":"2019-04-22T23:00:00","slug":"presidentielle-du-4-juillet-32-lettres-dintention-deposees-au-niveau-du-ministere-de-linterieur","status":"publish","type":"post","link":"https:\/\/linitiative.ca\/International\/presidentielle-du-4-juillet-32-lettres-dintention-deposees-au-niveau-du-ministere-de-linterieur\/","title":{"rendered":"Pr\u00e9sidentielle du 4 juillet  :  32 lettres d\u2019intention  d\u00e9pos\u00e9es au niveau du minist\u00e8re de l\u2019Int\u00e9rieur"},"content":{"rendered":"<p>Le bilan provisoire de la remise des formulaires de souscription de signatures individuelles pour les postulants \u00e0 la candidature \u00e0 l\u2019\u00e9lection pr\u00e9sidentielle du 4 juillet prochain, s\u2019\u00e9l\u00e8ve \u00e0 32 lettres d\u2019intention d\u00e9pos\u00e9es aupr\u00e8s du minist\u00e8re de l\u2019Int\u00e9rieur, des Collectivit\u00e9s locales et de l\u2019Am\u00e9nagement du territoire.\u00a0 Le minist\u00e8re de l\u2019Int\u00e9rieur indique dans un communiqu\u00e9 rendu public hier que \u00absuite \u00e0 la convocation du corps \u00e9lectoral pour le jeudi 4 juillet 2019, le bilan provisoire de la remise des formulaires de souscription de signatures individuelles pour les postulants \u00e0 la candidature \u00e0 l\u2019\u00e9lection de la Pr\u00e9sidence de la R\u00e9publique, arr\u00eat\u00e9 le dimanche 21 avril 2019, compte trente-deux (32) lettres d\u2019intention d\u00e9pos\u00e9es\u00bb. Les postulants \u00e0 la pr\u00e9sidentielle sont tous des candidats ind\u00e9pendants. La m\u00eame source pr\u00e9cise, en outre, que les concern\u00e9s \u00abont pu b\u00e9n\u00e9ficier des quotas de formulaires de souscription, en application des dispositions l\u00e9gales en vigueur\u00bb, ajoutant que \u00abl\u2019op\u00e9ration se d\u00e9roule dans de bonnes conditions\u00bb.<\/p>\n<p>Auteur: elmoudjahid<br \/>\n<a href=\"http:\/\/www.elmoudjahid.com\/fr\/actualites\/136118\">Cliquez ici pour lire l&rsquo;article depuis sa source.<\/a><\/p>\n","protected":false},"excerpt":{"rendered":"<p>Le bilan provisoire de la remise des formulaires de souscription de signatures individuelles pour les postulants \u00e0 la candidature \u00e0 l\u2019\u00e9lection pr\u00e9sidentielle du 4 juillet prochain, s\u2019\u00e9l\u00e8ve \u00e0 32 lettres d\u2019intention d\u00e9pos\u00e9es aupr\u00e8s du minist\u00e8re de l\u2019Int\u00e9rieur, des Collectivit\u00e9s locales et de l\u2019Am\u00e9nagement du territoire.\u00a0 Le minist\u00e8re de l\u2019Int\u00e9rieur indique dans un communiqu\u00e9 rendu public [&hellip;]<\/p>\n","protected":false},"author":1744,"featured_media":0,"comment_status":"closed","ping_status":"closed","sticky":false,"template":"","format":"standard","meta":{"fifu_image_url":"","fifu_image_alt":"","footnotes":""},"categories":[73,53],"tags":[],"class_list":["post-29572","post","type-post","status-publish","format-standard","hentry","category-actualite","category-algerie"],"_links":{"self":[{"href":"https:\/\/linitiative.ca\/International\/wp-json\/wp\/v2\/posts\/29572","targetHints":{"allow":["GET"]}}],"collection":[{"href":"https:\/\/linitiative.ca\/International\/wp-json\/wp\/v2\/posts"}],"about":[{"href":"https:\/\/linitiative.ca\/International\/wp-json\/wp\/v2\/types\/post"}],"author":[{"embeddable":true,"href":"https:\/\/linitiative.ca\/International\/wp-json\/wp\/v2\/users\/1744"}],"replies":[{"embeddable":true,"href":"https:\/\/linitiative.ca\/International\/wp-json\/wp\/v2\/comments?post=29572"}],"version-history":[{"count":0,"href":"https:\/\/linitiative.ca\/International\/wp-json\/wp\/v2\/posts\/29572\/revisions"}],"wp:attachment":[{"href":"https:\/\/linitiative.ca\/International\/wp-json\/wp\/v2\/media?parent=29572"}],"wp:term":[{"taxonomy":"category","embeddable":true,"href":"https:\/\/linitiative.ca\/International\/wp-json\/wp\/v2\/categories?post=29572"},{"taxonomy":"post_tag","embeddable":true,"href":"https:\/\/linitiative.ca\/International\/wp-json\/wp\/v2\/tags?post=29572"}],"curies":[{"name":"wp","href":"https:\/\/api.w.org\/{rel}","templated":true}]}}