{"id":29573,"date":"2019-04-22T19:00:00","date_gmt":"2019-04-22T23:00:00","guid":{"rendered":"https:\/\/linitiative.ca\/International\/corps-des-walis-m-bensalah-decide-dun-mouvement-partiel\/"},"modified":"2019-04-22T19:00:00","modified_gmt":"2019-04-22T23:00:00","slug":"corps-des-walis-m-bensalah-decide-dun-mouvement-partiel","status":"publish","type":"post","link":"https:\/\/linitiative.ca\/International\/corps-des-walis-m-bensalah-decide-dun-mouvement-partiel\/","title":{"rendered":"Corps des walis : M. Bensalah d\u00e9cide d\u2019un mouvement partiel"},"content":{"rendered":"<p>M. Abdelkader Bensalah, chef de l\u2019\u00c9tat, a proc\u00e9d\u00e9 hier \u00e0 un mouvement partiel dans le corps des walis et walis d\u00e9l\u00e9gu\u00e9s, a annonc\u00e9 l\u2019EPTV. \u00c0 Alger, le wali d\u2019Alger, Abdelkader Zoukh, est remplac\u00e9 par Abdelhak Sayouda. Les autres wilayas concern\u00e9es sont Laghouat, S\u00e9tif, Batna, Boumerd\u00e8s, El-Tarf et deux wilayas d\u00e9l\u00e9gu\u00e9es.<\/p>\n<p>Auteur: elmoudjahid<br \/>\n<a href=\"http:\/\/www.elmoudjahid.com\/fr\/actualites\/136119\">Cliquez ici pour lire l&rsquo;article depuis sa source.<\/a><\/p>\n","protected":false},"excerpt":{"rendered":"<p>M. Abdelkader Bensalah, chef de l\u2019\u00c9tat, a proc\u00e9d\u00e9 hier \u00e0 un mouvement partiel dans le corps des walis et walis d\u00e9l\u00e9gu\u00e9s, a annonc\u00e9 l\u2019EPTV. \u00c0 Alger, le wali d\u2019Alger, Abdelkader Zoukh, est remplac\u00e9 par Abdelhak Sayouda. Les autres wilayas concern\u00e9es sont Laghouat, S\u00e9tif, Batna, Boumerd\u00e8s, El-Tarf et deux wilayas d\u00e9l\u00e9gu\u00e9es. Auteur: elmoudjahid Cliquez ici pour [&hellip;]<\/p>\n","protected":false},"author":1744,"featured_media":0,"comment_status":"closed","ping_status":"closed","sticky":false,"template":"","format":"standard","meta":{"fifu_image_url":"","fifu_image_alt":"","footnotes":""},"categories":[73,53],"tags":[],"class_list":["post-29573","post","type-post","status-publish","format-standard","hentry","category-actualite","category-algerie"],"_links":{"self":[{"href":"https:\/\/linitiative.ca\/International\/wp-json\/wp\/v2\/posts\/29573","targetHints":{"allow":["GET"]}}],"collection":[{"href":"https:\/\/linitiative.ca\/International\/wp-json\/wp\/v2\/posts"}],"about":[{"href":"https:\/\/linitiative.ca\/International\/wp-json\/wp\/v2\/types\/post"}],"author":[{"embeddable":true,"href":"https:\/\/linitiative.ca\/International\/wp-json\/wp\/v2\/users\/1744"}],"replies":[{"embeddable":true,"href":"https:\/\/linitiative.ca\/International\/wp-json\/wp\/v2\/comments?post=29573"}],"version-history":[{"count":0,"href":"https:\/\/linitiative.ca\/International\/wp-json\/wp\/v2\/posts\/29573\/revisions"}],"wp:attachment":[{"href":"https:\/\/linitiative.ca\/International\/wp-json\/wp\/v2\/media?parent=29573"}],"wp:term":[{"taxonomy":"category","embeddable":true,"href":"https:\/\/linitiative.ca\/International\/wp-json\/wp\/v2\/categories?post=29573"},{"taxonomy":"post_tag","embeddable":true,"href":"https:\/\/linitiative.ca\/International\/wp-json\/wp\/v2\/tags?post=29573"}],"curies":[{"name":"wp","href":"https:\/\/api.w.org\/{rel}","templated":true}]}}