{"id":29608,"date":"2019-04-23T14:07:00","date_gmt":"2019-04-23T18:07:00","guid":{"rendered":"https:\/\/linitiative.ca\/International\/ain-temouchent-prochaine-distribution-de-680-lpl-a-hammam-bouhdjar\/"},"modified":"2019-04-23T14:07:00","modified_gmt":"2019-04-23T18:07:00","slug":"ain-temouchent-prochaine-distribution-de-680-lpl-a-hammam-bouhdjar","status":"publish","type":"post","link":"https:\/\/linitiative.ca\/International\/ain-temouchent-prochaine-distribution-de-680-lpl-a-hammam-bouhdjar\/","title":{"rendered":"AIN TEMOUCHENT : Prochaine distribution  de 680 LPL \u00e0  Hammam Bouhdjar"},"content":{"rendered":"<p><br id=\"sep_para_1\" class=\"sep_para access\"\/><\/p>\n<div id=\"para_1\" class=\"para_30574395 resize\">\n<div class=\"texte access firstletter\">Selon\u00a0 une source, il est pressenti avant la fin du mois en cours la distribution de 680 logements publics\u00a0 locatifs\u00a0 (LPL) au niveau de la commune de hammam Bouhdjar. Le promoteur vient de doubler les efforts\u00a0 afin d\u2019honorer ses engagements pris devant le secr\u00e9taire g\u00e9n\u00e9ral de la wilaya derni\u00e8rement un tirage au sort a \u00e9t\u00e9 organis\u00e9 pour les futurs occupants des dites logements. Selon la m\u00eame source, la commission charg\u00e9e des \u00e9tudes des dossiers a enregistr\u00e9 et \u00e9tudi\u00e9 plus de 2000 recours d\u00e9pos\u00e9s on croit savoir qu\u2019une quarantaine de postulants port\u00e9s sur les listes initiales de b\u00e9n\u00e9ficiaires ont \u00e9t\u00e9 ray\u00e9s pour diverses causes.\u00a0\u00a0\u00a0\u00a0\u00a0\u00a0\u00a0\u00a0<\/div>\n<\/div>\n<p>Auteur: H. Bouna<br \/>\n<a href=\"https:\/\/www.reflexiondz.net\/AIN-TEMOUCHENT-Prochaine-distribution-de-680-LPL-a-Hammam-Bouhdjar_a55521.html\">Cliquez ici pour lire l&rsquo;article depuis sa source.<\/a><\/p>\n","protected":false},"excerpt":{"rendered":"<p>Selon\u00a0 une source, il est pressenti avant la fin du mois en cours la distribution de 680 logements publics\u00a0 locatifs\u00a0 (LPL) au niveau de la commune de hammam Bouhdjar. Le promoteur vient de doubler les efforts\u00a0 afin d\u2019honorer ses engagements pris devant le secr\u00e9taire g\u00e9n\u00e9ral de la wilaya derni\u00e8rement un tirage au sort a \u00e9t\u00e9 [&hellip;]<\/p>\n","protected":false},"author":1740,"featured_media":0,"comment_status":"closed","ping_status":"closed","sticky":false,"template":"","format":"standard","meta":{"fifu_image_url":"","fifu_image_alt":"","footnotes":""},"categories":[53,76],"tags":[],"class_list":["post-29608","post","type-post","status-publish","format-standard","hentry","category-algerie","category-regions"],"_links":{"self":[{"href":"https:\/\/linitiative.ca\/International\/wp-json\/wp\/v2\/posts\/29608","targetHints":{"allow":["GET"]}}],"collection":[{"href":"https:\/\/linitiative.ca\/International\/wp-json\/wp\/v2\/posts"}],"about":[{"href":"https:\/\/linitiative.ca\/International\/wp-json\/wp\/v2\/types\/post"}],"author":[{"embeddable":true,"href":"https:\/\/linitiative.ca\/International\/wp-json\/wp\/v2\/users\/1740"}],"replies":[{"embeddable":true,"href":"https:\/\/linitiative.ca\/International\/wp-json\/wp\/v2\/comments?post=29608"}],"version-history":[{"count":0,"href":"https:\/\/linitiative.ca\/International\/wp-json\/wp\/v2\/posts\/29608\/revisions"}],"wp:attachment":[{"href":"https:\/\/linitiative.ca\/International\/wp-json\/wp\/v2\/media?parent=29608"}],"wp:term":[{"taxonomy":"category","embeddable":true,"href":"https:\/\/linitiative.ca\/International\/wp-json\/wp\/v2\/categories?post=29608"},{"taxonomy":"post_tag","embeddable":true,"href":"https:\/\/linitiative.ca\/International\/wp-json\/wp\/v2\/tags?post=29608"}],"curies":[{"name":"wp","href":"https:\/\/api.w.org\/{rel}","templated":true}]}}