{"id":29609,"date":"2019-04-23T14:07:00","date_gmt":"2019-04-23T18:07:00","guid":{"rendered":"https:\/\/linitiative.ca\/International\/ain-temouchent-1-mort-apres-le-renversement-dun-vehicule\/"},"modified":"2019-04-23T14:07:00","modified_gmt":"2019-04-23T18:07:00","slug":"ain-temouchent-1-mort-apres-le-renversement-dun-vehicule","status":"publish","type":"post","link":"https:\/\/linitiative.ca\/International\/ain-temouchent-1-mort-apres-le-renversement-dun-vehicule\/","title":{"rendered":"AIN TEMOUCHENT : 1 mort apr\u00e8s le renversement d\u2019un v\u00e9hicule"},"content":{"rendered":"<p><br id=\"sep_para_1\" class=\"sep_para access\"\/><\/p>\n<div id=\"para_1\" class=\"para_30574381 resize\">\n<div class=\"texte access firstletter\">Nous venons d\u2019apprendre qu\u2019un regrettable accident de la circulation est survenu ce dimanche \u00e0 1h 30mm du matin apr\u00e8s le renversement d\u2019un v\u00e9hicule de marque Renault trafic\u00a0 au niveau de la route nationale 2 reliant la commune d\u2019Ain Temouchent \u00e0 celle d\u2019El Maleh.\u00a0 Le conducteur \u00e2g\u00e9 d\u2019environ 85 ans est d\u00e9c\u00e9d\u00e9 sur place et la d\u00e9pouille du d\u00e9funt a \u00e9t\u00e9 \u00e9vacu\u00e9e \u00e0\u00a0 la morgue de l\u2019h\u00f4pital \u2018\u2019Ahmed Medeghri\u2019\u2019\u00a0 d\u2019Ain Temouchent .\u00a0\u00a0\u00a0\u00a0\u00a0\u00a0\u00a0\u00a0\u00a0<\/div>\n<\/div>\n<p>Auteur: H. Bouna<br \/>\n<a href=\"https:\/\/www.reflexiondz.net\/AIN-TEMOUCHENT-1-mort-apres-le-renversement-d-un-vehicule_a55519.html\">Cliquez ici pour lire l&rsquo;article depuis sa source.<\/a><\/p>\n","protected":false},"excerpt":{"rendered":"<p>Nous venons d\u2019apprendre qu\u2019un regrettable accident de la circulation est survenu ce dimanche \u00e0 1h 30mm du matin apr\u00e8s le renversement d\u2019un v\u00e9hicule de marque Renault trafic\u00a0 au niveau de la route nationale 2 reliant la commune d\u2019Ain Temouchent \u00e0 celle d\u2019El Maleh.\u00a0 Le conducteur \u00e2g\u00e9 d\u2019environ 85 ans est d\u00e9c\u00e9d\u00e9 sur place et la [&hellip;]<\/p>\n","protected":false},"author":1740,"featured_media":0,"comment_status":"closed","ping_status":"closed","sticky":false,"template":"","format":"standard","meta":{"fifu_image_url":"","fifu_image_alt":"","footnotes":""},"categories":[53,76],"tags":[],"class_list":["post-29609","post","type-post","status-publish","format-standard","hentry","category-algerie","category-regions"],"_links":{"self":[{"href":"https:\/\/linitiative.ca\/International\/wp-json\/wp\/v2\/posts\/29609","targetHints":{"allow":["GET"]}}],"collection":[{"href":"https:\/\/linitiative.ca\/International\/wp-json\/wp\/v2\/posts"}],"about":[{"href":"https:\/\/linitiative.ca\/International\/wp-json\/wp\/v2\/types\/post"}],"author":[{"embeddable":true,"href":"https:\/\/linitiative.ca\/International\/wp-json\/wp\/v2\/users\/1740"}],"replies":[{"embeddable":true,"href":"https:\/\/linitiative.ca\/International\/wp-json\/wp\/v2\/comments?post=29609"}],"version-history":[{"count":0,"href":"https:\/\/linitiative.ca\/International\/wp-json\/wp\/v2\/posts\/29609\/revisions"}],"wp:attachment":[{"href":"https:\/\/linitiative.ca\/International\/wp-json\/wp\/v2\/media?parent=29609"}],"wp:term":[{"taxonomy":"category","embeddable":true,"href":"https:\/\/linitiative.ca\/International\/wp-json\/wp\/v2\/categories?post=29609"},{"taxonomy":"post_tag","embeddable":true,"href":"https:\/\/linitiative.ca\/International\/wp-json\/wp\/v2\/tags?post=29609"}],"curies":[{"name":"wp","href":"https:\/\/api.w.org\/{rel}","templated":true}]}}