{"id":29625,"date":"2019-04-23T09:34:49","date_gmt":"2019-04-23T13:34:49","guid":{"rendered":"https:\/\/linitiative.ca\/International\/bouira-les-etudiants-manifestent-en-masse\/"},"modified":"2019-04-23T09:34:49","modified_gmt":"2019-04-23T13:34:49","slug":"bouira-les-etudiants-manifestent-en-masse","status":"publish","type":"post","link":"https:\/\/linitiative.ca\/International\/bouira-les-etudiants-manifestent-en-masse\/","title":{"rendered":"Bouira\u00a0: Les \u00e9tudiants manifestent en masse"},"content":{"rendered":"<h4 class=\"title-14\"\/>\n<div class=\"featured_image\"><img width=\"800\" height=\"420\" data-cfsrc=\"https:\/\/www.elwatan.com\/wp-content\/uploads\/2019\/04\/Marche-des-\u00e9tudiants-de-Bouira.jpg\" class=\"attachment-post-thumbnail size-post-thumbnail wp-post-image c1\" alt=\"\" srcset=\"https:\/\/www.elwatan.com\/wp-content\/uploads\/2019\/04\/Marche-des-\u00e9tudiants-de-Bouira.jpg 800w, https:\/\/www.elwatan.com\/wp-content\/uploads\/2019\/04\/Marche-des-\u00e9tudiants-de-Bouira-300x158.jpg 300w, https:\/\/www.elwatan.com\/wp-content\/uploads\/2019\/04\/Marche-des-\u00e9tudiants-de-Bouira-768x403.jpg 768w\" sizes=\"(max-width: 800px) 100vw, 800px\"\/><noscript><\/p>\n<p><img loading=\"lazy\" decoding=\"async\" width=\"800\" height=\"420\" src=\"https:\/\/www.elwatan.com\/wp-content\/uploads\/2019\/04\/Marche-des-%C3%A9tudiants-de-Bouira.jpg\" class=\"attachment-post-thumbnail size-post-thumbnail wp-post-image\" alt=\"\" srcset=\"https:\/\/www.elwatan.com\/wp-content\/uploads\/2019\/04\/Marche-des-\u00e9tudiants-de-Bouira.jpg 800w, https:\/\/www.elwatan.com\/wp-content\/uploads\/2019\/04\/Marche-des-\u00e9tudiants-de-Bouira-300x158.jpg 300w, https:\/\/www.elwatan.com\/wp-content\/uploads\/2019\/04\/Marche-des-\u00e9tudiants-de-Bouira-768x403.jpg 768w\" sizes=\"auto, (max-width: 800px) 100vw, 800px\"\/><\/p>\n<p><\/noscript><\/div>\n<p>Les \u00e9tudiants de l\u2019universit\u00e9 Akli Mohand Oulhadj de Bouira, ont \u00a0manifest\u00e9 en masse, aujourd\u2019hui, depuis le campus universitaire jusqu\u2019au si\u00e8ge de la wilaya, pour exprimer leur col\u00e8re vis-\u00e0-vis de la situation dangereuse dans laquelle patauge le pays.<\/p>\n<p><strong><em>\u00a0<\/em><\/strong><em>\u00ab\u00a0Lib\u00e9rez l\u2019Alg\u00e9rie\u00a0\u00bb, \u00ab\u00a0Pouvoir Assassin\u00a0\u00bb, \u00ab\u00a0Oulach Smah Oulach (Il n\u2019y aura pas de pardon)\u00a0\u00bb, \u00ab\u00a0Viva l\u2019Alg\u00e9rie, Yetnahaw ga3\u00a0\u00bb,\u00a0<\/em>ainsi qu\u2019une multitude d\u2019autres slogans, ont \u00e9t\u00e9 scand\u00e9s par les manifestants. Idem pour les pancartes sur lesquelles plusieurs revendication et messages ont \u00e9t\u00e9 transcrits.<\/p>\n<p><em>\u00a0<\/em><em>\u00ab\u00a0Pour le moment, le changement auquel aspire le peuple alg\u00e9rien, n\u2019a pas eu lieu.<\/em> <em>Ce qui se passe actuellement n\u2019est que de la poudre aux yeux. Le pouvoir continue toujours dans ses complots et veut contourner les revendications populaire\u00a0\u00bb,<\/em> dira une \u00e9tudiante.<\/p>\n<p>Les manifestants n\u2019ont pas manqu\u00e9 d\u2019adresser un message fort au chef d\u2019\u00e9tat-major, Gaid Salah. <em>\u00ab\u00a0Gaid Salah, l\u2019arm\u00e9e ne doit \u00eatre que le bras de la nation et non sa t\u00eate. Alors d\u00e9gage\u00a0!\u00a0\u00bb,<\/em> lit-on sur une pancarte.<\/p>\n<p>Quant \u00e0 l\u2019avenir de la r\u00e9volte populaire, les universitaires appellent \u00e0 la vigilance. Selon eux, le Pouvoir essaie de l\u2019infiltrer pour placer ses pions. <em>\u00ab\u00a0Nous appelons nos concitoyens dans les entreprises\u00a0 et les administration \u00e0 s\u2019auto organiser pour que le Hirak puisse avancer. Nous refusons les personnes que certains m\u00e9dias pr\u00e9sentent comme des repr\u00e9sentant de la r\u00e9volte populaire\u00a0\u00bb,<\/em> a averti un \u00e9tudiant.<\/p>\n<p><span class=\"post-views-label\">Post Views:<\/span> <span class=\"post-views-count\">192<\/span><\/p>\n<p>Auteur: Mourad Hachid<br \/>\n<a href=\"https:\/\/www.elwatan.com\/edition\/actualite\/bouira-les-etudiants-manifestent-en-masse-23-04-2019\">Cliquez ici pour lire l&rsquo;article depuis sa source.<\/a><\/p>\n","protected":false},"excerpt":{"rendered":"<p>Les \u00e9tudiants de l\u2019universit\u00e9 Akli Mohand Oulhadj de Bouira, ont \u00a0manifest\u00e9 en masse, aujourd\u2019hui, depuis le campus universitaire jusqu\u2019au si\u00e8ge de la wilaya, pour exprimer leur col\u00e8re vis-\u00e0-vis de la situation dangereuse dans laquelle patauge le pays. \u00a0\u00ab\u00a0Lib\u00e9rez l\u2019Alg\u00e9rie\u00a0\u00bb, \u00ab\u00a0Pouvoir Assassin\u00a0\u00bb, \u00ab\u00a0Oulach Smah Oulach (Il n\u2019y aura pas de pardon)\u00a0\u00bb, \u00ab\u00a0Viva l\u2019Alg\u00e9rie, Yetnahaw ga3\u00a0\u00bb,\u00a0ainsi qu\u2019une [&hellip;]<\/p>\n","protected":false},"author":1743,"featured_media":29626,"comment_status":"closed","ping_status":"closed","sticky":false,"template":"","format":"standard","meta":{"fifu_image_url":"","fifu_image_alt":"","footnotes":""},"categories":[73,53],"tags":[],"class_list":["post-29625","post","type-post","status-publish","format-standard","has-post-thumbnail","hentry","category-actualite","category-algerie"],"_links":{"self":[{"href":"https:\/\/linitiative.ca\/International\/wp-json\/wp\/v2\/posts\/29625","targetHints":{"allow":["GET"]}}],"collection":[{"href":"https:\/\/linitiative.ca\/International\/wp-json\/wp\/v2\/posts"}],"about":[{"href":"https:\/\/linitiative.ca\/International\/wp-json\/wp\/v2\/types\/post"}],"author":[{"embeddable":true,"href":"https:\/\/linitiative.ca\/International\/wp-json\/wp\/v2\/users\/1743"}],"replies":[{"embeddable":true,"href":"https:\/\/linitiative.ca\/International\/wp-json\/wp\/v2\/comments?post=29625"}],"version-history":[{"count":0,"href":"https:\/\/linitiative.ca\/International\/wp-json\/wp\/v2\/posts\/29625\/revisions"}],"wp:featuredmedia":[{"embeddable":true,"href":"https:\/\/linitiative.ca\/International\/wp-json\/"}],"wp:attachment":[{"href":"https:\/\/linitiative.ca\/International\/wp-json\/wp\/v2\/media?parent=29625"}],"wp:term":[{"taxonomy":"category","embeddable":true,"href":"https:\/\/linitiative.ca\/International\/wp-json\/wp\/v2\/categories?post=29625"},{"taxonomy":"post_tag","embeddable":true,"href":"https:\/\/linitiative.ca\/International\/wp-json\/wp\/v2\/tags?post=29625"}],"curies":[{"name":"wp","href":"https:\/\/api.w.org\/{rel}","templated":true}]}}