{"id":29632,"date":"2019-04-23T11:20:30","date_gmt":"2019-04-23T15:20:30","guid":{"rendered":"https:\/\/linitiative.ca\/International\/gaid-salah-veut-imposer-lelection-presidentielle-du-4-juillet\/"},"modified":"2019-04-23T11:20:30","modified_gmt":"2019-04-23T15:20:30","slug":"gaid-salah-veut-imposer-lelection-presidentielle-du-4-juillet","status":"publish","type":"post","link":"https:\/\/linitiative.ca\/International\/gaid-salah-veut-imposer-lelection-presidentielle-du-4-juillet\/","title":{"rendered":"Ga\u00efd Salah veut imposer l\u2019\u00e9lection pr\u00e9sidentielle du 4 juillet"},"content":{"rendered":"<h4 class=\"title-14\"\/>\n<div class=\"featured_image\"><img width=\"640\" height=\"427\" data-cfsrc=\"https:\/\/www.elwatan.com\/wp-content\/uploads\/2019\/04\/gaid-salah-1er-RM.jpg\" class=\"attachment-post-thumbnail size-post-thumbnail wp-post-image c1\" alt=\"\" srcset=\"https:\/\/www.elwatan.com\/wp-content\/uploads\/2019\/04\/gaid-salah-1er-RM.jpg 640w, https:\/\/www.elwatan.com\/wp-content\/uploads\/2019\/04\/gaid-salah-1er-RM-300x200.jpg 300w\" sizes=\"(max-width: 640px) 100vw, 640px\"\/><noscript><\/p>\n<p><img loading=\"lazy\" decoding=\"async\" width=\"640\" height=\"427\" src=\"https:\/\/www.elwatan.com\/wp-content\/uploads\/2019\/04\/gaid-salah-1er-RM.jpg\" class=\"attachment-post-thumbnail size-post-thumbnail wp-post-image\" alt=\"\" srcset=\"https:\/\/www.elwatan.com\/wp-content\/uploads\/2019\/04\/gaid-salah-1er-RM.jpg 640w, https:\/\/www.elwatan.com\/wp-content\/uploads\/2019\/04\/gaid-salah-1er-RM-300x200.jpg 300w\" sizes=\"auto, (max-width: 640px) 100vw, 640px\"\/><\/p>\n<p><\/noscript> <span class=\"featured-image-caption\">Ahmed Ga\u00efd Salah, chef d&rsquo;\u00e9tat-major de l&rsquo;ANP. Photo : MDN<\/span><\/div>\n<p>Ahmed Ga\u00efd Salah, vice-ministre de la D\u00e9fense et chef d\u2019\u00e9tat-major de l\u2019arm\u00e9e, a affich\u00e9 son intention de maintenir l\u2019\u00e9lection pr\u00e9sidentielle annonc\u00e9e pour le 4 juillet prochain. Il a aussi critiqu\u00e9 le boycott de la conf\u00e9rence nationale organis\u00e9e par Bensalah et l\u2019attitude hostile adopt\u00e9e par les Alg\u00e9riens envers les ministres du gouvernement Bedoui.<\/p>\n<p>Le chef d\u2019\u00e9tat-major de l\u2019arm\u00e9e tient \u00e0 appliquer sa feuille de route en d\u00e9pit du \u00a0refus affich\u00e9 par de millions d\u2019Alg\u00e9riens. S\u2019exprimant aujourd\u2019hui au cours d\u2019une visite \u00e0 la premi\u00e8re r\u00e9gion militaire, Gaid Salah a d\u00e9clar\u00e9\u00a0: \u00ab\u00a0nous avons constat\u00e9 l\u2019apparition de certaines voix qui ne veulent aucun bien \u00e0 l\u2019Alg\u00e9rie, appelant \u00e0 l\u2019ent\u00eatement et l\u2019acharnement \u00e0 maintenir les m\u00eames positions pr\u00e9\u00e9tablies, sans tenir compte de tout ce qui a \u00e9t\u00e9 r\u00e9alis\u00e9, le rejet de toutes les initiatives et <a href=\"https:\/\/www.elwatan.com\/edition\/actualite\/boycott-massif-de-sa-conference-organisee-hier-a-club-des-pins-bensalah-rate-son-premier-test-23-04-2019\">le boycotte de toutes les d\u00e9marches<\/a>, y compris l\u2019initiative de dialogue (\u2026)\u00a0\u00bb.<\/p>\n<p>Un message adress\u00e9, selon toute vraisemblance, aux millions de manifestants qui revendiquent le d\u00e9part de tout le r\u00e9gime. \u00a0A tous ceux-l\u00e0, poursuit Ga\u00efd Salah , \u00ab\u00a0 nous dirons que le peuple alg\u00e9rien est souverain dans ses d\u00e9cisions, et c\u2019est \u00e0 lui qu\u2019il appartient de trancher la question lors de l\u2019\u00e9lection du nouveau pr\u00e9sident de la R\u00e9publique, qui aura la l\u00e9gitimit\u00e9 requise pour satisfaire le reste des revendications populaires l\u00e9gitimes \u2026\u00bb. Il convient de rappeler \u00e0 ce propos qu\u2019une large frange de la population ainsi que des pr\u00e9sidents d\u2019APC et des juges ont annonc\u00e9 leur rejet de ce rendez-vous \u00e9lectoral.<\/p>\n<p><strong>Et diriger les marches pacifiques \u2026<\/strong><\/p>\n<p>Ga\u00efd Salah n\u2019a pas manqu\u00e9 de d\u00e9fendre les ministres et les walis chass\u00e9s par la population, partout en Alg\u00e9rie. Il a mis en garde \u00ab\u00a0contre ce ph\u00e9nom\u00e8ne \u00e9trange qui consiste \u00e0 l\u2019incitation \u00e0 entraver l\u2019action des institutions de l\u2019Etat et d\u2019emp\u00eacher les responsables d\u2019accomplir leurs missions. Ce sont l\u00e0 des comportements contraires aux lois de la R\u00e9publique que ne peut accepter le peuple alg\u00e9rien jaloux des institutions de son pays et que ne peut tol\u00e9rer l\u2019Arm\u00e9e Nationale Populaire (\u2026)\u00a0\u00bb.<\/p>\n<p>Il a salu\u00e9, dans son discours, les actions engag\u00e9 par la justice contre des hommes d\u2019affaires dont <a href=\"https:\/\/www.elwatan.com\/a-la-une\/rebrab-kouninef-pourquoi-lamalgame-23-04-2019\">Issad Rebrab et les fr\u00e8res Kouninef<\/a> en d\u00e9clarant\u00a0: \u00ab\u00a0je valorise la r\u00e9ponse de la justice (\u2026) qui repr\u00e9sente un volet important des revendications l\u00e9gitimes des alg\u00e9riens, ce qui permettra de rassurer le peuple que son argent pill\u00e9 sera r\u00e9cup\u00e9r\u00e9 par la force de la loi et avec la rigueur requise\u00a0\u00bb. <strong><br \/><\/strong><\/p>\n<p>Signalons, enfin, que le chef de l\u2019arm\u00e9e, qui sait que les manifestations ne vont pas s\u2019arr\u00eater, a \u00a0conseill\u00e9 aux Alg\u00e9riens de \u00ab\u00a0faire preuve davantage de prudence et de pr\u00e9caution afin que vos marches pr\u00e9servent leur aspect pacifique et civilis\u00e9 et ce, en \u0153uvrant \u00e0 les encadrer et les organiser en vue de les pr\u00e9munir de toute infiltration ou d\u00e9rapage\u2026\u00a0\u00bb.<\/p>\n<div class=\"yuzo_related_post style-1\" data-version=\"5.12.88\">\n<p><h3>Related Post<\/h3>\n<\/p>\n<div class=\"yuzo_wraps\">\n<div class=\"relatedthumb relatedpost-149119 c12\"><a href=\"https:\/\/www.elwatan.com\/edition\/actualite\/lalgerie-face-a-des-menaces-multiples-lappel-de-gaid-salah-a-ses-troupes-12-09-2018\"\/><\/p>\n<p><span class=\"yuzo__text--title c11\">L\u2019Alg\u00e9rie face \u00e0 des menaces multiples : L\u2019appel d&#8230;<\/span><\/div>\n<div class=\"relatedthumb relatedpost-382364 c12\"><a href=\"https:\/\/www.elwatan.com\/edition\/economie\/cimenterie-sigus-oum-el-bouaghi-lusine-entrera-en-production-en-mars-26-12-2018\"\/><\/p>\n<p><span class=\"yuzo__text--title c11\">Cimenterie Sigus Oum El bouaghi :\u00a0\u00abL\u2019usine entrera&#8230;<\/span><\/div>\n<div class=\"relatedthumb relatedpost-553069 c12\"><a href=\"https:\/\/www.elwatan.com\/edition\/economie\/des-centaines-de-milliers-doliviers-nfm-deja-plantes-la-revolution-oleicole-en-marche-14-01-2019\"\/><\/p>\n<p><span class=\"yuzo__text--title c11\">Des centaines de milliers d\u2019oliviers NFM d\u00e9j\u00e0 plan&#8230;<\/span><\/div>\n<div class=\"relatedthumb relatedpost-560697 c12\"><a href=\"https:\/\/www.elwatan.com\/edition\/actualite\/les-etudiants-de-luniversite-de-ghardaia-organisent-un-sit-in-a-linterieur-du-campus-26-02-2019\"\/><\/p>\n<p><span class=\"yuzo__text--title c11\">Les \u00e9tudiants de l\u2019universit\u00e9 de Gharda\u00efa organise&#8230;<\/span><\/div>\n<\/div>\n<\/div>\n<p><span class=\"post-views-label\">Post Views:<\/span> <span class=\"post-views-count\">3\u00a0160<\/span><\/p>\n<p>Auteur: Farouk Djouadi<br \/>\n<a href=\"https:\/\/www.elwatan.com\/edition\/actualite\/gaid-salah-veut-imposer-lelection-presidentielle-du-4-juillet-23-04-2019\">Cliquez ici pour lire l&rsquo;article depuis sa source.<\/a><\/p>\n","protected":false},"excerpt":{"rendered":"<p>Ahmed Ga\u00efd Salah, chef d&rsquo;\u00e9tat-major de l&rsquo;ANP. Photo : MDN Ahmed Ga\u00efd Salah, vice-ministre de la D\u00e9fense et chef d\u2019\u00e9tat-major de l\u2019arm\u00e9e, a affich\u00e9 son intention de maintenir l\u2019\u00e9lection pr\u00e9sidentielle annonc\u00e9e pour le 4 juillet prochain. Il a aussi critiqu\u00e9 le boycott de la conf\u00e9rence nationale organis\u00e9e par Bensalah et l\u2019attitude hostile adopt\u00e9e par les [&hellip;]<\/p>\n","protected":false},"author":1743,"featured_media":29633,"comment_status":"closed","ping_status":"closed","sticky":false,"template":"","format":"standard","meta":{"fifu_image_url":"","fifu_image_alt":"","footnotes":""},"categories":[73,53],"tags":[],"class_list":["post-29632","post","type-post","status-publish","format-standard","has-post-thumbnail","hentry","category-actualite","category-algerie"],"_links":{"self":[{"href":"https:\/\/linitiative.ca\/International\/wp-json\/wp\/v2\/posts\/29632","targetHints":{"allow":["GET"]}}],"collection":[{"href":"https:\/\/linitiative.ca\/International\/wp-json\/wp\/v2\/posts"}],"about":[{"href":"https:\/\/linitiative.ca\/International\/wp-json\/wp\/v2\/types\/post"}],"author":[{"embeddable":true,"href":"https:\/\/linitiative.ca\/International\/wp-json\/wp\/v2\/users\/1743"}],"replies":[{"embeddable":true,"href":"https:\/\/linitiative.ca\/International\/wp-json\/wp\/v2\/comments?post=29632"}],"version-history":[{"count":0,"href":"https:\/\/linitiative.ca\/International\/wp-json\/wp\/v2\/posts\/29632\/revisions"}],"wp:featuredmedia":[{"embeddable":true,"href":"https:\/\/linitiative.ca\/International\/wp-json\/"}],"wp:attachment":[{"href":"https:\/\/linitiative.ca\/International\/wp-json\/wp\/v2\/media?parent=29632"}],"wp:term":[{"taxonomy":"category","embeddable":true,"href":"https:\/\/linitiative.ca\/International\/wp-json\/wp\/v2\/categories?post=29632"},{"taxonomy":"post_tag","embeddable":true,"href":"https:\/\/linitiative.ca\/International\/wp-json\/wp\/v2\/tags?post=29632"}],"curies":[{"name":"wp","href":"https:\/\/api.w.org\/{rel}","templated":true}]}}