{"id":29639,"date":"2019-04-23T15:06:48","date_gmt":"2019-04-23T19:06:48","guid":{"rendered":"https:\/\/linitiative.ca\/International\/karim-tabbou-a-gaid-salah-vous-navez-pas-le-droit-de-faire-de-la-politique-depuis-la-caserne\/"},"modified":"2019-04-23T15:06:48","modified_gmt":"2019-04-23T19:06:48","slug":"karim-tabbou-a-gaid-salah-vous-navez-pas-le-droit-de-faire-de-la-politique-depuis-la-caserne","status":"publish","type":"post","link":"https:\/\/linitiative.ca\/International\/karim-tabbou-a-gaid-salah-vous-navez-pas-le-droit-de-faire-de-la-politique-depuis-la-caserne\/","title":{"rendered":"Karim Tabbou \u00e0 Ga\u00efd Salah : \u00ab Vous n\u2019avez pas le droit de faire de la politique depuis la caserne \u00bb"},"content":{"rendered":"<h4 class=\"title-14\"\/>\n<div class=\"featured_image\"><img width=\"1632\" height=\"918\" data-cfsrc=\"https:\/\/www.elwatan.com\/wp-content\/uploads\/2019\/04\/karim-tabbou.jpg\" class=\"attachment-post-thumbnail size-post-thumbnail wp-post-image c1\" alt=\"\" srcset=\"https:\/\/www.elwatan.com\/wp-content\/uploads\/2019\/04\/karim-tabbou.jpg 1632w, https:\/\/www.elwatan.com\/wp-content\/uploads\/2019\/04\/karim-tabbou-300x169.jpg 300w, https:\/\/www.elwatan.com\/wp-content\/uploads\/2019\/04\/karim-tabbou-768x432.jpg 768w, https:\/\/www.elwatan.com\/wp-content\/uploads\/2019\/04\/karim-tabbou-1024x576.jpg 1024w, https:\/\/www.elwatan.com\/wp-content\/uploads\/2019\/04\/karim-tabbou-1320x743.jpg 1320w\" sizes=\"(max-width: 1632px) 100vw, 1632px\"\/><noscript><\/p>\n<p><img loading=\"lazy\" decoding=\"async\" width=\"1632\" height=\"918\" src=\"https:\/\/www.elwatan.com\/wp-content\/uploads\/2019\/04\/karim-tabbou.jpg\" class=\"attachment-post-thumbnail size-post-thumbnail wp-post-image\" alt=\"\" srcset=\"https:\/\/www.elwatan.com\/wp-content\/uploads\/2019\/04\/karim-tabbou.jpg 1632w, https:\/\/www.elwatan.com\/wp-content\/uploads\/2019\/04\/karim-tabbou-300x169.jpg 300w, https:\/\/www.elwatan.com\/wp-content\/uploads\/2019\/04\/karim-tabbou-768x432.jpg 768w, https:\/\/www.elwatan.com\/wp-content\/uploads\/2019\/04\/karim-tabbou-1024x576.jpg 1024w, https:\/\/www.elwatan.com\/wp-content\/uploads\/2019\/04\/karim-tabbou-1320x743.jpg 1320w\" sizes=\"auto, (max-width: 1632px) 100vw, 1632px\"\/><\/p>\n<p><\/noscript> <span class=\"featured-image-caption\">Karim Tbbou \u00e0 l\u2019universit\u00e9 de Bouira.<\/span><\/div>\n<p><strong>Le leader de l\u2019Union d\u00e9mocratique et sociale (UDS), Karim Tabbou, a consid\u00e9r\u00e9 lors d\u2019une conf\u00e9rence qu\u2019il a anim\u00e9e, aujourd\u2019hui, au niveau de l\u2019auditorium de l\u2019universit\u00e9 Akli Mohand Oulhadj de Bouira, que les derni\u00e8res interpellations des hommes d\u2019affaires et des g\u00e9n\u00e9raux, sont une diversion de plus du Pouvoir.<\/strong><\/p>\n<p><em>\u00ab\u00a0Dans un Etat de droit, la justice ob\u00e9it aux lois et non pas aux ordres. Or, ce qui se passe ces jours-ci, c\u2019est des r\u00e8glements de comptes. Ils veulent nous faire oublier l\u2019essentiel des revendications du peuple, \u00e0 savoir, le changement radical de tout le syst\u00e8me. Je pense que ce n\u2019est qu\u2019une fois l\u2019Etat de droit et une justice ind\u00e9pendante sont instaur\u00e9s, que tous ceux qui ont commis des d\u00e9lits \u00e9conomiques seront jug\u00e9s\u00bb,<\/em> a-t-il dit. <em>\u00a0<\/em><\/p>\n<p>Le conf\u00e9rencier a tir\u00e9 \u00e0 boulet rouge sur la France, les Emirats arabes-unis, accus\u00e9s de soutenir <em>\u00ab\u00a0la mafia du Pouvoir alg\u00e9rien\u00a0\u00bb.<\/em> Karim Tabbou n\u2019a pas \u00e9pargn\u00e9 <a href=\"https:\/\/www.elwatan.com\/edition\/actualite\/gaid-salah-veut-imposer-lelection-presidentielle-du-4-juillet-23-04-2019\">Ga\u00efd Salah<\/a>, le chef d\u2019\u00e9tat-major. <em>\u00ab\u00a0Vous n\u2019avez pas le droit de faire de la politique depuis la caserne. O\u00f9 \u00e9tiez-vous lorsque la Issaba (la bande) avait pi\u00e9tin\u00e9 la Constitution\u00a0? O\u00f9 \u00e9tiez-vous lorsque des individus se sont empar\u00e9s de l\u2019Etat et en ont fait une propri\u00e9t\u00e9 priv\u00e9e\u00a0? O\u00f9 \u00e9tiez-vous lorsque des entreprises publiques ont \u00e9t\u00e9 brad\u00e9es\u00a0?\u00a0\u00bb,<\/em> s<em>\u2019<\/em>interroge-t-il encore, avant de lui lancer le d\u00e9fi <em>\u00ab\u00a0d\u2019arr\u00eater le g\u00e9n\u00e9ral Toufik\u00a0\u00bb.<\/em><\/p>\n<p>Pour le chef de l\u2019UDS, des solutions politiques \u00e0 la crise existent. Cependant, ce qu\u2019il a qualifi\u00e9 de bande, fait tout son possible pour les mettre en \u00e9chec. <em>\u00ab\u00a0Tant que cette bande dont fait partie Bensalah est l\u00e0, rien ne va changer. C\u2019est eux qui veulent faire barrage \u00e0 toute solution de la crise politique. Malgr\u00e9 les tentatives de Pouvoir de pousser vers la violence, nous resterons pacifiques jusqu\u2019\u00e0 ce qu\u2019ils d\u00e9gagent tous\u00a0\u00bb.\u00a0\u00a0\u00a0\u00a0\u00a0\u00a0\u00a0\u00a0\u00a0\u00a0\u00a0\u00a0\u00a0\u00a0\u00a0\u00a0\u00a0\u00a0\u00a0\u00a0\u00a0\u00a0\u00a0\u00a0\u00a0\u00a0\u00a0\u00a0\u00a0\u00a0\u00a0\u00a0\u00a0\u00a0\u00a0\u00a0\u00a0<\/em><\/p>\n<div class=\"yuzo_related_post style-1\" data-version=\"5.12.88\">\n<p><h3>Related Post<\/h3>\n<\/p>\n<div class=\"yuzo_wraps\">\n<div class=\"relatedthumb relatedpost-569332 c11\"><a href=\"https:\/\/www.elwatan.com\/edition\/actualite\/tipasa-les-slogans-anti-systeme-invitent-bensalah-a-partir-12-04-2019\"\/><\/p>\n<p><span class=\"yuzo__text--title c10\">Tipasa : Les slogans anti-syst\u00e8me, invitent Bensal&#8230;<\/span><\/div>\n<div class=\"relatedthumb relatedpost-145619 c11\"><a href=\"https:\/\/www.elwatan.com\/edition\/actualite\/les-hopitaux-sous-tension-26-08-2018\"\/><\/p>\n<p><span class=\"yuzo__text--title c10\">Les h\u00f4pitaux sous tension<\/span><\/div>\n<div class=\"relatedthumb relatedpost-143144 c11\"><a href=\"https:\/\/www.elwatan.com\/regions\/kabylie\/bouira\/bouira-penurie-deau-a-ahnif-11-08-2018\"\/><\/p>\n<p><span class=\"yuzo__text--title c10\">Bouira : P\u00e9nurie d\u2019eau \u00e0 Ahnif<\/span><\/div>\n<div class=\"relatedthumb relatedpost-569317 c11\"><a href=\"https:\/\/www.elwatan.com\/edition\/actualite\/plus-dun-million-de-manifestants-a-alger-le-peuple-veut-que-vous-degagiez-tous-12-04-2019\"\/><\/p>\n<p><span class=\"yuzo__text--title c10\">Plus d\u2019un million de manifestants \u00e0 Alger : \u00ab Le p&#8230;<\/span><\/div>\n<\/div>\n<\/div>\n<p><span class=\"post-views-label\">Post Views:<\/span> <span class=\"post-views-count\">3\u00a0268<\/span><\/p>\n<p>Auteur: Farouk Djouadi<br \/>\n<a href=\"https:\/\/www.elwatan.com\/edition\/actualite\/karim-tabbou-a-gaid-salah-vous-navez-pas-le-droit-de-faire-de-la-politique-depuis-la-caserne-23-04-2019\">Cliquez ici pour lire l&rsquo;article depuis sa source.<\/a><\/p>\n","protected":false},"excerpt":{"rendered":"<p>Karim Tbbou \u00e0 l\u2019universit\u00e9 de Bouira. Le leader de l\u2019Union d\u00e9mocratique et sociale (UDS), Karim Tabbou, a consid\u00e9r\u00e9 lors d\u2019une conf\u00e9rence qu\u2019il a anim\u00e9e, aujourd\u2019hui, au niveau de l\u2019auditorium de l\u2019universit\u00e9 Akli Mohand Oulhadj de Bouira, que les derni\u00e8res interpellations des hommes d\u2019affaires et des g\u00e9n\u00e9raux, sont une diversion de plus du Pouvoir. \u00ab\u00a0Dans un [&hellip;]<\/p>\n","protected":false},"author":1743,"featured_media":29640,"comment_status":"closed","ping_status":"closed","sticky":false,"template":"","format":"standard","meta":{"fifu_image_url":"","fifu_image_alt":"","footnotes":""},"categories":[73,53],"tags":[],"class_list":["post-29639","post","type-post","status-publish","format-standard","has-post-thumbnail","hentry","category-actualite","category-algerie"],"_links":{"self":[{"href":"https:\/\/linitiative.ca\/International\/wp-json\/wp\/v2\/posts\/29639","targetHints":{"allow":["GET"]}}],"collection":[{"href":"https:\/\/linitiative.ca\/International\/wp-json\/wp\/v2\/posts"}],"about":[{"href":"https:\/\/linitiative.ca\/International\/wp-json\/wp\/v2\/types\/post"}],"author":[{"embeddable":true,"href":"https:\/\/linitiative.ca\/International\/wp-json\/wp\/v2\/users\/1743"}],"replies":[{"embeddable":true,"href":"https:\/\/linitiative.ca\/International\/wp-json\/wp\/v2\/comments?post=29639"}],"version-history":[{"count":0,"href":"https:\/\/linitiative.ca\/International\/wp-json\/wp\/v2\/posts\/29639\/revisions"}],"wp:featuredmedia":[{"embeddable":true,"href":"https:\/\/linitiative.ca\/International\/wp-json\/"}],"wp:attachment":[{"href":"https:\/\/linitiative.ca\/International\/wp-json\/wp\/v2\/media?parent=29639"}],"wp:term":[{"taxonomy":"category","embeddable":true,"href":"https:\/\/linitiative.ca\/International\/wp-json\/wp\/v2\/categories?post=29639"},{"taxonomy":"post_tag","embeddable":true,"href":"https:\/\/linitiative.ca\/International\/wp-json\/wp\/v2\/tags?post=29639"}],"curies":[{"name":"wp","href":"https:\/\/api.w.org\/{rel}","templated":true}]}}