{"id":29641,"date":"2019-04-23T17:01:36","date_gmt":"2019-04-23T21:01:36","guid":{"rendered":"https:\/\/linitiative.ca\/International\/mascara-la-detresse-des-familles-vivant-dans-des-habitations-menacant-ruine\/"},"modified":"2019-04-23T17:01:36","modified_gmt":"2019-04-23T21:01:36","slug":"mascara-la-detresse-des-familles-vivant-dans-des-habitations-menacant-ruine","status":"publish","type":"post","link":"https:\/\/linitiative.ca\/International\/mascara-la-detresse-des-familles-vivant-dans-des-habitations-menacant-ruine\/","title":{"rendered":"Mascara : La d\u00e9tresse des familles vivant dans des habitations mena\u00e7ant ruine"},"content":{"rendered":"<h4 class=\"title-14\"\/>\n<div class=\"featured_image\"><img width=\"800\" height=\"450\" data-cfsrc=\"https:\/\/www.elwatan.com\/wp-content\/uploads\/2019\/04\/de\u0301tresse-des-familles.gif\" class=\"attachment-post-thumbnail size-post-thumbnail wp-post-image c1\" alt=\"\"\/><noscript><\/p>\n<p><img loading=\"lazy\" decoding=\"async\" width=\"800\" height=\"450\" src=\"https:\/\/www.elwatan.com\/wp-content\/uploads\/2019\/04\/de%CC%81tresse-des-familles.gif\" class=\"attachment-post-thumbnail size-post-thumbnail wp-post-image\" alt=\"\"\/><\/p>\n<p><\/noscript><\/div>\n<p class=\"p4\"><span class=\"s4\">Les habitants des \u00e9difices mena\u00e7ant ruine reprochent aux autorit\u00e9s locales d\u2019avoir us\u00e9 d\u2019un favoritisme flagrant en octroyant des logements \u00e0 leurs proches d\u00e9j\u00e0 ais\u00e9s.<\/span><\/p>\n<p class=\"p4\"><span class=\"s5\"><strong>P<\/strong><\/span><span class=\"s4\">lusieurs familles dans la ville de Mascara habitent, depuis plusieurs ann\u00e9es, dans des conditions inhumaines. A quelques encablures du tribunal, plus pr\u00e9cis\u00e9ment \u00e0 la rue Boukhedmi Larbi, deux anciens immeubles mena\u00e7ant ruine abritent au moins quinze familles abandonn\u00e9es \u00e0 leur triste sort.<\/span><\/p>\n<p class=\"p4\"><span class=\"s4\">Pis encore, certaines familles n\u2019ont m\u00eame pas de WC. <em>\u00abNous et nos enfants faisons nos besoins naturels dans des seaux. Mes enfants r\u00eavent d\u2019avoir un WC chez eux\u00bb<\/em>, dira Zine Eddine, p\u00e8re de cinq enfants, habitant l\u2019immeuble Benfriha.<\/span><\/p>\n<p class=\"p4\"><span class=\"s4\">De son c\u00f4t\u00e9, Boudjelal Imimoune, un habitant du second immeuble s\u2019interroge, les larmes aux yeux\u00a0: <em>\u00abJe ne comprends pas pourquoi les pouvoirs publics refusent de prendre en charge ces familles en situation de d\u00e9tresse\u00a0! Les enfants et leurs parents n\u2019ont-ils pas droit \u00e0 une vie digne et d\u00e9cente\u00a0?\u00bb<\/em><\/span><\/p>\n<p class=\"p4\"><span class=\"s4\">Les locataires des deux \u00e9difices mena\u00e7ant ruine reprochent aux autorit\u00e9s locales d\u2019avoir us\u00e9 d\u2019un favoritisme flagrant en octroyant des logements \u00e0 leurs proches d\u00e9j\u00e0 ais\u00e9s. <em>\u00abCela fait plus d\u2019une ann\u00e9e qu\u2019ils ont promis de nous reloger dans le cadre du programme RHP (R\u00e9sorption de l\u2019habitat pr\u00e9caire).<\/em><\/span><\/p>\n<p class=\"p4\"><span class=\"s4\"><em>A ce jour, rien n\u2019a \u00e9t\u00e9 fait\u00bb<\/em>, nous dira K. Ahmed, 65 ans, p\u00e8re d\u2019une fillette. Dans le premier \u00e9difice, elles sont huit familles qui partagent les dix chambres aux murs fissur\u00e9s et humides. Elles partagent aussi deux toilettes et deux robinets sans lavabos. <em>\u00abNous vivons des conditions inhumaines dans cet immeuble.<\/em><\/span><\/p>\n<p class=\"p4\"><span class=\"s4\"><em>Les fissures sont partout sur les murs et le plafond. Nous avons peur qu\u2019un jour l\u2019immeuble s\u2019\u00e9croule sur nos t\u00eates\u00bb<\/em>, relate une femme portant son enfant dans ses bras. Un jeune lyc\u00e9en qui pr\u00e9pare son baccalaur\u00e9at nous a racont\u00e9 sa souffrance, car c\u2019est une famille enti\u00e8re qui est condamn\u00e9e tout simplement \u00e0 vivre dans une seule pi\u00e8ce qui constitue le domicile familial.<\/span><\/p>\n<p class=\"p4\"><span class=\"s4\">A dix m\u00e8tres, se trouve le second immeuble abritant sept familles dans les m\u00eames conditions d\u2019exigu\u00eft\u00e9. Ces familles sont d\u00e9pourvues du minimum.<\/span><\/p>\n<p class=\"p4\"><span class=\"s4\">C\u2019est-\u00e0-dire ni eau ni toilette et des conditions d\u2019hygi\u00e8ne d\u00e9plorables. Un de ces habitants nous dira : <em>\u00abEn l\u2019absence de toilettes, je suis contraint de me rendre quotidiennement dans les WC de la mosqu\u00e9e avoisinante. Pour mes enfants, ils sont oblig\u00e9s de faire leurs besoins <span class=\"Apple-converted-space\">\u00a0<\/span> dans des seaux\u00bb<\/em>.<\/span><\/p>\n<p class=\"p4\"><span class=\"s4\">Ces quinze familles vivant dans des conditions dramatiques regrettent de voir que certaines personnes, \u00e0 l\u2019abri du besoin en termes de logement, continuent \u00e0 en b\u00e9n\u00e9ficier, alors que les familles n\u00e9cessiteuses sont laiss\u00e9es pour compte.<span class=\"Apple-converted-space\">\u00a0 \u00a0\u00a0<\/span><\/span><\/p>\n<p><span class=\"post-views-label\">Post Views:<\/span> <span class=\"post-views-count\">2<\/span><\/p>\n<p>Auteur: Anis Khecheba<br \/>\n<a href=\"https:\/\/www.elwatan.com\/regions\/ouest\/mascara\/mascara-la-detresse-des-familles-vivant-dans-des-habitations-menacant-ruine-23-04-2019\">Cliquez ici pour lire l&rsquo;article depuis sa source.<\/a><\/p>\n","protected":false},"excerpt":{"rendered":"<p>Les habitants des \u00e9difices mena\u00e7ant ruine reprochent aux autorit\u00e9s locales d\u2019avoir us\u00e9 d\u2019un favoritisme flagrant en octroyant des logements \u00e0 leurs proches d\u00e9j\u00e0 ais\u00e9s. Plusieurs familles dans la ville de Mascara habitent, depuis plusieurs ann\u00e9es, dans des conditions inhumaines. A quelques encablures du tribunal, plus pr\u00e9cis\u00e9ment \u00e0 la rue Boukhedmi Larbi, deux anciens immeubles mena\u00e7ant [&hellip;]<\/p>\n","protected":false},"author":1743,"featured_media":29642,"comment_status":"closed","ping_status":"closed","sticky":false,"template":"","format":"standard","meta":{"fifu_image_url":"","fifu_image_alt":"","footnotes":""},"categories":[73,53],"tags":[],"class_list":["post-29641","post","type-post","status-publish","format-standard","has-post-thumbnail","hentry","category-actualite","category-algerie"],"_links":{"self":[{"href":"https:\/\/linitiative.ca\/International\/wp-json\/wp\/v2\/posts\/29641","targetHints":{"allow":["GET"]}}],"collection":[{"href":"https:\/\/linitiative.ca\/International\/wp-json\/wp\/v2\/posts"}],"about":[{"href":"https:\/\/linitiative.ca\/International\/wp-json\/wp\/v2\/types\/post"}],"author":[{"embeddable":true,"href":"https:\/\/linitiative.ca\/International\/wp-json\/wp\/v2\/users\/1743"}],"replies":[{"embeddable":true,"href":"https:\/\/linitiative.ca\/International\/wp-json\/wp\/v2\/comments?post=29641"}],"version-history":[{"count":0,"href":"https:\/\/linitiative.ca\/International\/wp-json\/wp\/v2\/posts\/29641\/revisions"}],"wp:featuredmedia":[{"embeddable":true,"href":"https:\/\/linitiative.ca\/International\/wp-json\/"}],"wp:attachment":[{"href":"https:\/\/linitiative.ca\/International\/wp-json\/wp\/v2\/media?parent=29641"}],"wp:term":[{"taxonomy":"category","embeddable":true,"href":"https:\/\/linitiative.ca\/International\/wp-json\/wp\/v2\/categories?post=29641"},{"taxonomy":"post_tag","embeddable":true,"href":"https:\/\/linitiative.ca\/International\/wp-json\/wp\/v2\/tags?post=29641"}],"curies":[{"name":"wp","href":"https:\/\/api.w.org\/{rel}","templated":true}]}}