{"id":29644,"date":"2019-04-23T05:11:00","date_gmt":"2019-04-23T09:11:00","guid":{"rendered":"https:\/\/linitiative.ca\/International\/pesticides-verite-au-dela-des-pyrenees-erreur-en-deca\/"},"modified":"2019-04-23T05:11:00","modified_gmt":"2019-04-23T09:11:00","slug":"pesticides-verite-au-dela-des-pyrenees-erreur-en-deca","status":"publish","type":"post","link":"https:\/\/linitiative.ca\/International\/pesticides-verite-au-dela-des-pyrenees-erreur-en-deca\/","title":{"rendered":"Pesticides: v\u00e9rit\u00e9 au-del\u00e0 des Pyr\u00e9n\u00e9es, erreur en de\u00e7\u00e0?"},"content":{"rendered":"<p><strong><em>\u00abPendant que les citoyens marchent, les lobbys des pesticides avancent et le gouvernement recule.\u00bb<\/em><\/strong> <em>Communiqu\u00e9 de la Fondation Nicolas Hulot (France)<\/em><\/p>\n<p>Dans notre pays aujourd\u2019hui, les questions politiques occupent comme jamais le devant de la sc\u00e8ne. On disserte \u00e0 longueur de journ\u00e9e des pr\u00e9sidentiables, de querelles politicardes mesquines qui pr\u00eateraient \u00e0 rire en d\u2019autres circonstances et on fourbit les armes pour les l\u00e9gislatives.<\/p>\n<p>Il y a pourtant des questions au moins aussi importantes dignes de retenir l\u2019attention des politiciens patriotes et sinc\u00e8res, des Tunisiens et de la soci\u00e9t\u00e9 civile.<\/p>\n<p>Il s\u2019agit de celles qui ont trait \u00e0 notre environnement.<\/p>\n<p>Il est r\u00e9jouissant d\u2019apprendre que l\u2019UNESCO a fait du\u00a0 26 novembre la Journ\u00e9e Mondiale de l\u2019Olivier.<\/p>\n<p>Il est triste d\u2019apprendre, le 16 avril 2019, qu\u2019un avion d\u2019\u00e9pandage de pesticides s\u2019est \u00e9cras\u00e9 \u00e0 Sidi Bourouis dans la r\u00e9gion de Siliana. Comme il est triste d\u2019apprendre que le charan\u00e7on rouge ravage les palmiers dans le Grand Tunis et dans le gouvernorat de Ben Arous.<\/p>\n<p>Ces nouvelles nous conduisent \u00e0 reposer, une fois encore, l\u2019usage des pesticides dans notre pays \u00e0 l\u2019heure o\u00f9 le monde c\u00e9l\u00e8bre la Journ\u00e9e de la Terre.<\/p>\n<p>Apr\u00e8s la Deuxi\u00e8me Guerre Mondiale, l\u2019emploi des herbicides, des fongicides et des insecticides synth\u00e9tiques est devenu courant tant en agriculture qu\u2019en utilisations m\u00e9nag\u00e8res ou prophylactiques. Mais on s\u2019est aper\u00e7u que\u00a0 ces produits contaminent les nappes phr\u00e9atiques, les lacs et les cours d\u2019eau et nuisent \u00e0 la sant\u00e9 des agriculteurs et de la faune. On a retrouv\u00e9 des pesticides dans le sang de millions de personnes et m\u00eame dans le sang de cordon des nouveaux n\u00e9s. Depuis les ann\u00e9es 1970 et suite \u00e0 la parution de l\u2019ouvrage de Rachel Carson \u00abLe printemps silencieux\u00bb en 1962, les consommateurs s\u2019opposent de plus en plus \u00e0 l\u2019emploi de ces produits CMR dont certains sont canc\u00e9rig\u00e8nes (pouvant entra\u00eener un cancer), mutag\u00e8nes (entra\u00eenant des mutations g\u00e9n\u00e9tiques) et reprotoxiques (alt\u00e9rant la fertilit\u00e9) et qui, via l\u2019alimentation, finissent dans leurs assiettes.<\/p>\n<p>En ce qui nous concerne, esp\u00e9rons d\u2019abord que la Journ\u00e9e Mondiale de l\u2019Olivier aboutisse \u00e0 l\u2019extension de la culture sans pesticides de l\u2019arbre d\u2019Ath\u00e9na et que notre pays devienne le champion de l\u2019huile d\u2019olive bio face \u00e0 de redoutables concurrents comme l\u2019Espagne, la France et l\u2019Italie!<\/p>\n<p>Mais notons que l\u2019\u00e9pandage par avion est dangereux non seulement pour le milieu mais aussi pour le pilote. Dans de nombreux pays, cette pratique est interdite \u00e9tant donn\u00e9 ses dangers: pollution g\u00e9n\u00e9ralis\u00e9e de l\u2019environnement et int\u00e9r\u00eat bien mince\u00a0 pour l\u2019exploitant agricole car les \u00e9tudes prouvent qu\u2019\u00e0 peine 25% du produit atteignent leur cible. L\u2019\u00e9pandage ne profite qu\u2019au propri\u00e9taire de l\u2019avion! Et il ruine l\u2019eau des rivi\u00e8res et des lacs, essaimant en fait une pollution globale.<\/p>\n<h2>Pourquoi cette apathie ?<\/h2>\n<p>Habituellement, en Tunisie, on suit de pr\u00e8s ce qui se passe chez l\u2019ancienne puissance colonisatrice.<\/p>\n<p>Or, curieusement, le d\u00e9bat qui mobilise si fortement en France et \u00e0 Bruxelles (Union Europ\u00e9enne) portant\u00a0 sur les pesticides et tout particuli\u00e8rement sur l\u2019herbicide glyphosate n\u2019int\u00e9resse apparemment personne chez nous. Rappelons que le glyphosate est commercialis\u00e9 sous diverses d\u00e9nominations et la plus connue est le Roundup du mastodonte de l\u2019agrochimie am\u00e9ricain Monsanto rachet\u00e9 l\u2019an dernier par le g\u00e9ant allemand de la chimie Bayer.<\/p>\n<p>En France et ailleurs, cet herbicide est l\u2019objet de l\u2019attention vigilante des militants de l\u2019environnement, des m\u00e9decins, des toxicologues, des juges et des d\u00e9put\u00e9s. M. Emmanuel Macron en personne, le Pr\u00e9sident de la R\u00e9publique fran\u00e7aise, en demande l\u2019interdiction.<\/p>\n<p>Et c\u2019est ainsi que le gouvernement fran\u00e7ais a promis d\u2019interdire le glyphosate en 2020 pour les principaux usages quand des solutions alternatives existent et d\u2019ici fin 2022 pour tous ses usages.<\/p>\n<p>Produit suspect\u00e9 depuis 2015 de carcinog\u00e9nicit\u00e9, \u00abcanc\u00e9rog\u00e8ne probable\u00bb dans le jargon de l\u2019OMS (Centre International de recherche sur le cancer \u00e0 Lyon CIRC), ses victimes frapp\u00e9es par divers cancers gagnent devant les tribunaux\u00a0 aussi bien aux Etats Unis (Lire sur le\u00a0 site de Leaders, 12 ao\u00fbt 2018) qu\u2019en France o\u00f9 le c\u00e9r\u00e9alier Paul Fran\u00e7ois, intoxiqu\u00e9 par l\u2019herbicide Lasso de Monsanto, a fait condamner cette multinationale\u00a0 en 2012, 2015 et 2019. Paul Fran\u00e7ois, suite \u00e0 ses atteintes neurologiques apr\u00e8s inhalation accidentelle du pesticide, a converti son exploitation de 200 ha en agriculture biologique. Il d\u00e9clare \u00e0 ce propos: \u00abC\u2019est \u00e7a la vraie victoire. Cette affaire m\u2019a amen\u00e9 \u00e0 ouvrir les yeux et \u00e0 passer \u00e0 une autre agriculture. J\u2019ai repris ma libert\u00e9 d\u2019agriculteur.\u00bb<\/p>\n<p>La mise en accusation et le rejet du glyphosate d\u00e9passe l\u2019Europe: ainsi, le Vietnam vient \u00e0 son tour de l\u2019interdire en raison de la toxicit\u00e9 des pr\u00e9parations le contenant et de leur impact sur l\u2019environnement et la sant\u00e9 des gens. (L\u2019Express, 12 avril 2019) Ce qui a d\u00e9clench\u00e9 des tweets ravageurs de Donald Trump, le d\u00e9fenseur des multinationales.<\/p>\n<p>Chez nous, silence absolu alors que ce produit figure en bonne place (neuf fois!) sur la liste des pesticides homologu\u00e9s dans notre pays par le Minist\u00e8re de l\u2019Agriculture (liste actualis\u00e9e et arr\u00eat\u00e9e suite \u00e0 la r\u00e9union de la commission du 18 octobre 2017). Il est conseill\u00e9 pour traiter les mauvaises herbes du bl\u00e9, en arboriculture, en agrumiculture (soit seul soit en association avec l\u2019oxyfluorf\u00e8ne ou le carfentrazone<\/p>\n<p>Est-ce \u00e0 dire que les lobbys soient si puissants dans notre pays?\u00a0<\/p>\n<p>Est-ce \u00e0 dire que nos responsables et nos partis sont plus occup\u00e9s par les questions de \u00abboulitique\u00bb que par la sant\u00e9 de nos agriculteurs, de nos concitoyens, de ces jeunes pousses que sont nos enfants\u00a0 et de la protection de notre biodiversit\u00e9?<br \/>L\u2019INLUCC ne devrait-elle pas\u00a0 se pencher sur cette question pour pr\u00e9server nos paysans, nos concitoyens et notre environnement?<\/p>\n<p>De plus, il n\u2019y a pas que le cas embl\u00e9matique du glyphosate et du Round Up. Une r\u00e9vision drastique de la liste des pesticides utilis\u00e9s en Tunisie doit \u00eatre diligent\u00e9e dans la transparence et en associant la soci\u00e9t\u00e9 civile, l\u2019Universit\u00e9, le corps m\u00e9dical et l\u2019ARP. Aux Etats Unis, des s\u00e9nateurs d\u00e9mocrates s\u2019en sont pris \u00e0 l\u2019Administration parce que le malathion et le chlorpyrifos &#8211; autoris\u00e9s chez nous &#8211; affectent dangereusement des centaines d\u2019esp\u00e8ces et que le D\u00e9partement de l\u2019Int\u00e9rieur garde sous le coude une \u00e9tude qui met en cause ces deux bien dangereuses substances.<\/p>\n<h2>Deux poids, deux mesures!<\/h2>\n<p>De plus, la politique du \u00abDeux poids, deux mesures\u00bb est toujours \u00e0 l\u2019\u0153uvre. Un produit r\u00e9put\u00e9 canc\u00e9rig\u00e8ne en Europe et aux Etats Unis, devient inoffensif dans les pays \u00e9mergents ou\u00a0 ex-colonis\u00e9s.<\/p>\n<p>Lawrence Summers, ancien secr\u00e9taire au Tr\u00e9sor, ancien pr\u00e9sident du Conseil Economique National US et ancien pr\u00e9sident de l\u2019Universit\u00e9 Harvard n\u2019estimait-il pas que les pays du Sud sont \u00absous-pollu\u00e9s\u00bb? (Lire notre article in Le Monde Diplomatique, mai 1992, p.8-9).<\/p>\n<p>L\u2019Assembl\u00e9e Nationale, \u00e9crit le Monde (16 mars 2019), a repouss\u00e9 vendredi 15 mars de trois ans l\u2019interdiction de la fabrication sur le sol fran\u00e7ais de pesticides vendus en dehors de l\u2019Union Europ\u00e9enne, \u00e0 2025, en ajoutant des d\u00e9rogations pour certaines entreprises. En novembre 2018, la loi agriculture et alimentation (Egalim) avait d\u00e9cid\u00e9 l\u2019interdiction en 2022 de la production, du stockage et de la vente des pesticides destin\u00e9s \u00e0 des pays tiers et contenant des mol\u00e9cules prohib\u00e9es dans l\u2019Union Europ\u00e9enne. Mais le S\u00e9nat ne l\u2019a pas entendu de cette oreille: d\u2019abord l\u2019emploi en France\u00a0 hurlent les soit disant sages du Palais du Luxembourg\u2026 dussent tous les Autres crever!<\/p>\n<p>\u00abL\u2019exposition aux pesticides peut engendrer des lymphomes non hodgkiniens, la maladie de Parkinson, des my\u00e9lomes (cancers du sang), des cancers de la prostate. Mais aussi des troubles cognitifs et des probl\u00e8mes de fertilit\u00e9\u00bb affirme le Dr Pierre- Michel P\u00e9rinaud, pr\u00e9sident d\u2019Alerte des m\u00e9decins sur les pesticides.<br \/>Certains affirment que l\u2019on ne peut se passer des pesticides. Ils devraient voir ce qui se passe en Allemagne et dans les pays scandinaves o\u00f9 depuis des d\u00e9cennies, l\u2019usage des pesticides r\u00e9gresse. Le Monde (20-21 avril 2019) \u00e9crit sous le titre \u00abNourrir l\u2019Europe sans pesticides, un objectif r\u00e9aliste\u00bb: \u00abUne production enti\u00e8rement agro\u00e9cologique est possible \u00e0 l\u2019\u00e9chelle europ\u00e9enne dans les prochaines ann\u00e9es\u00bb lib\u00e9rant compl\u00e8tement du recours aux fertilisants de synth\u00e8se et aux pesticides.<br \/>De son c\u00f4t\u00e9, la France a lanc\u00e9 en 2007, le programme Ecophyto, pour r\u00e9duire de moiti\u00e9 sa consommation de ces poisons. Ce qui lui a co\u00fbt\u00e9 un demi-milliard d\u2019euros. Les r\u00e9sultats ayant \u00e9t\u00e9 mitig\u00e9s, le gouvernement ne s\u2019est pas d\u00e9courag\u00e9: il est reparti \u00e0 la charge avec Ecophyto 2+ en encourageant les cultures multiples sur la m\u00eame parcelle (vesce avec tr\u00e8fle et colza par exemple), en recourant \u00e0 de nouvelles vari\u00e9t\u00e9s et aux\u00a0 ph\u00e9ronomes, \u00e0 la lutte biologique, aux syst\u00e8mes d\u2019analyse des donn\u00e9es pour identifier le meilleur moment pour traiter\u2026 Les r\u00e9sultats sont au rendez-vous dans les grands vignobles du Bordelais, en Beauce en c\u00e9r\u00e9aliculture\u2026 Les quantit\u00e9s de pesticides utilis\u00e9es d\u00e9croissent. Les mentalit\u00e9s changent: une quarantaine d\u2019organisations d\u2019agriculteurs fran\u00e7ais ont sign\u00e9 un \u00abContrat pour les solutions\u00bb. Elles ne font plus de la lutte pour lever les interdictions frappant\u00a0 tel ou tel pesticide leur but ultime. Bien au contraire, elles cherchent des solutions pour se passer de ces mol\u00e9cules toxiques.<\/p>\n<p>A l\u2019heure o\u00f9 fruits et l\u00e9gumes vident les poches du Tunisien, diminuer les intrants est de nature \u00e0 favoriser un tant soit peu la d\u00e9crue de leurs prix.<\/p>\n<p>L\u2019Assembl\u00e9e de l\u2019Environnement des\u00a0 Nations Unies r\u00e9unie \u00e0 Nairobi appelle de fa\u00e7on urgente, dans un rapport en date du 11 mars 2019,\u00a0 \u00e0 r\u00e9duire les menaces s\u00e9rieuses que repr\u00e9sente la pollution chimique pour la sant\u00e9 humaine, l\u2019environnement et les \u00e9conomies.<\/p>\n<p>Notre pays a tout int\u00e9r\u00eat \u00e0 r\u00e9duire voire \u00e0 \u00e9liminer totalement les pesticides de notre environnement pour le bien-\u00eatre de tous.<\/p>\n<p>Il est temps pour nos gouvernants et\u00a0 nos politiciens d\u2019oublier pour un moment pr\u00e9sidentielles et l\u00e9gislatives et de prendre leurs responsabilit\u00e9s vis-\u00e0-vis de notre environnement et les g\u00e9n\u00e9rations futures. A cet \u00e9gard, face aux lobbys, la soci\u00e9t\u00e9 civile a un r\u00f4le cl\u00e9 \u00e0 jouer.<\/p>\n<p class=\"c2\"><strong>Mohamed Larbi Bouguerra<\/strong><\/p>\n<p>Auteur:<br \/>\n<a href=\"https:\/\/www.leaders.com.tn\/article\/26952-pesticides-verite-au-dela-des-pyrenees-erreur-en-deca\">Cliquez ici pour lire l&rsquo;article depuis sa source.<\/a><\/p>\n","protected":false},"excerpt":{"rendered":"<p>\u00abPendant que les citoyens marchent, les lobbys des pesticides avancent et le gouvernement recule.\u00bb Communiqu\u00e9 de la Fondation Nicolas Hulot (France) Dans notre pays aujourd\u2019hui, les questions politiques occupent comme jamais le devant de la sc\u00e8ne. On disserte \u00e0 longueur de journ\u00e9e des pr\u00e9sidentiables, de querelles politicardes mesquines qui pr\u00eateraient \u00e0 rire en d\u2019autres circonstances [&hellip;]<\/p>\n","protected":false},"author":1772,"featured_media":0,"comment_status":"closed","ping_status":"closed","sticky":false,"template":"","format":"standard","meta":{"fifu_image_url":"","fifu_image_alt":"","footnotes":""},"categories":[73,55],"tags":[],"class_list":["post-29644","post","type-post","status-publish","format-standard","hentry","category-actualite","category-tunisie"],"_links":{"self":[{"href":"https:\/\/linitiative.ca\/International\/wp-json\/wp\/v2\/posts\/29644","targetHints":{"allow":["GET"]}}],"collection":[{"href":"https:\/\/linitiative.ca\/International\/wp-json\/wp\/v2\/posts"}],"about":[{"href":"https:\/\/linitiative.ca\/International\/wp-json\/wp\/v2\/types\/post"}],"author":[{"embeddable":true,"href":"https:\/\/linitiative.ca\/International\/wp-json\/wp\/v2\/users\/1772"}],"replies":[{"embeddable":true,"href":"https:\/\/linitiative.ca\/International\/wp-json\/wp\/v2\/comments?post=29644"}],"version-history":[{"count":0,"href":"https:\/\/linitiative.ca\/International\/wp-json\/wp\/v2\/posts\/29644\/revisions"}],"wp:attachment":[{"href":"https:\/\/linitiative.ca\/International\/wp-json\/wp\/v2\/media?parent=29644"}],"wp:term":[{"taxonomy":"category","embeddable":true,"href":"https:\/\/linitiative.ca\/International\/wp-json\/wp\/v2\/categories?post=29644"},{"taxonomy":"post_tag","embeddable":true,"href":"https:\/\/linitiative.ca\/International\/wp-json\/wp\/v2\/tags?post=29644"}],"curies":[{"name":"wp","href":"https:\/\/api.w.org\/{rel}","templated":true}]}}