{"id":29645,"date":"2019-04-23T05:32:00","date_gmt":"2019-04-23T09:32:00","guid":{"rendered":"https:\/\/linitiative.ca\/International\/lambassadeur-adel-smaoui-traite-de-lafrique-face-a-la-nouvelle-donne-geopolitique-mondiale\/"},"modified":"2019-04-23T05:32:00","modified_gmt":"2019-04-23T09:32:00","slug":"lambassadeur-adel-smaoui-traite-de-lafrique-face-a-la-nouvelle-donne-geopolitique-mondiale","status":"publish","type":"post","link":"https:\/\/linitiative.ca\/International\/lambassadeur-adel-smaoui-traite-de-lafrique-face-a-la-nouvelle-donne-geopolitique-mondiale\/","title":{"rendered":"L\u2019ambassadeur Adel Smaoui traite de l\u2019Afrique face \u00e0 la nouvelle donne g\u00e9opolitique mondiale"},"content":{"rendered":"<p><img loading=\"lazy\" decoding=\"async\" src=\"\/uploads\/FCK_files\/Mohamed-Lessir.jpg\" width=\"150\" vspace=\"5\" hspace=\"5\" height=\"150\" align=\"left\" alt=\"\"\/>Un des meilleurs africanistes tunisiens, de la deuxi\u00e8me g\u00e9n\u00e9ration diplomatique d\u2019apr\u00e8s l\u2019ind\u00e9pendance. L\u2019ambassadeur Adel Smaoui sera l\u2019invit\u00e9 du Cercle diplomatique et de l\u2019Universit\u00e9 Centrale de Tunis pour donner ce samedi 27 avril, une conf\u00e9rence sous le th\u00e8me de : \u00abL\u2019Afrique face \u00e0 la nouvelle donne g\u00e9opolitique mondiale\u00bb. L\u2019ambassadeur Mohamed Lessir, pr\u00e9sident du Cercle, ne pouvait choisir meilleur conf\u00e9rencier pour traiter en profondeur un th\u00e8me aussi important. Adel Smaoui aligne en effet une bonne connaissance du continent, de ses diff\u00e9rents pays, de ses institutions et de ses opportunit\u00e9s. C\u2019est ainsi qu\u2019il avait \u00e9t\u00e9 notamment ambassadeur de Tunisie \u00e0 Lagos (Nigeria), de 1997 \u00e0 2201, puis \u00e0 Addis Abeba, de 2003 \u00e0 2007, couvrant non seulement l\u2019Ethiopie et pr\u00e8s de six autres pays de la r\u00e9gion, mais aussi et surtout l\u2019Union africaine (UA). Il y retournera de 2013 \u00e0 2017, en qualit\u00e9 de Senior Advisor \u00e0 l\u2019UA. Son passage en tant qu\u2019ambassadeur de Tunisie \u00e0 P\u00e9kin (2010 &#8211; 2011), lui a permis d\u2019observer les relations Chine -Afrique, et le lancement du nouveau Forum de coop\u00e9ration (FOCAC), consacrant successivement en 2015, puis 2018, pas moins de 60 milliards de dollars tous les trois ans, en don au continent aux pays africains.<\/p>\n<p>L\u2019analyse de l\u2019Ambassadeur Smaoui sera int\u00e9ressante \u00e0 \u00e9couter.<\/p>\n<p>\u00ab L&rsquo;Afrique, \u00e9crit l\u2019Ambassadeur Mohamed Lessir en introduction, continent auquel appartient notre pays et dont les richesses naturelles sont immenses, offre de grandes opportunit\u00e9s \u00e9conomiques aux investisseurs et hommes d&rsquo;affaires \u00e9trangers qui ont pu s&rsquo;\u00e9tablir tr\u00e8s t\u00f4t sur ce grand march\u00e9 pour faire du commerce ou exploiter ses mati\u00e8res premi\u00e8res. La Tunisie a souvent exprim\u00e9 dans le pass\u00e9 le souhait d&rsquo;entrer sur ce vaste march\u00e9, mais il n&rsquo;y a eu en d\u00e9finitive que des actions sporadiques et des initiatives individuelles, certes louables, mais qui ne refl\u00e8tent pas une politique et une strat\u00e9gie bien arr\u00eat\u00e9es et durables pour conqu\u00e9rir le march\u00e9 africain. Un changement s&rsquo;est op\u00e9r\u00e9 ces derni\u00e8res ann\u00e9es \u00e0 la faveur d&rsquo;une meilleure \u00e9valuation de la situation dans la r\u00e9gion et de la n\u00e9cessit\u00e9 d&rsquo;une plus grande diversification de nos relations avec le monde ext\u00e9rieur. Ce qui promet de donner \u00e0 l&rsquo;Afrique la place qu&rsquo;elle m\u00e9rite dans notre strat\u00e9gie de d\u00e9veloppement. C&rsquo;est pour comprendre l&rsquo;importance de l&rsquo;Afrique, de ses potentialit\u00e9s \u00e9conomiques et humaines et surtout des enjeux autour d&rsquo;elle et des d\u00e9fis qu&rsquo;elle doit relever que le Cercle Diplomatique organise en collaboration avec l&rsquo;Universit\u00e9 Centrale une conf\u00e9rence.<\/p>\n<p><em><strong>Samedi 27 avril 2019 de 9h \u00e0 13h00,<\/strong><\/em><\/p>\n<p><em>Centre de simulation de l\u2019Universit\u00e9 Centrale de Tunis,<\/em><\/p>\n<p><em>(d\u00e9but) Avenue Kheireddine Bacha Tunis (Amphith\u00e9\u00e2tre 3\u00e8me \u00e9tage)<\/em><\/p>\n<p>Auteur:<br \/>\n<a href=\"https:\/\/www.leaders.com.tn\/article\/26953-l-ambassadeur-adel-smaoui-traite-de-l-afrique-face-a-la-nouvelle-donne-geopolitique-mondiale\">Cliquez ici pour lire l&rsquo;article depuis sa source.<\/a><\/p>\n","protected":false},"excerpt":{"rendered":"<p>Un des meilleurs africanistes tunisiens, de la deuxi\u00e8me g\u00e9n\u00e9ration diplomatique d\u2019apr\u00e8s l\u2019ind\u00e9pendance. L\u2019ambassadeur Adel Smaoui sera l\u2019invit\u00e9 du Cercle diplomatique et de l\u2019Universit\u00e9 Centrale de Tunis pour donner ce samedi 27 avril, une conf\u00e9rence sous le th\u00e8me de : \u00abL\u2019Afrique face \u00e0 la nouvelle donne g\u00e9opolitique mondiale\u00bb. L\u2019ambassadeur Mohamed Lessir, pr\u00e9sident du Cercle, ne pouvait [&hellip;]<\/p>\n","protected":false},"author":1772,"featured_media":29646,"comment_status":"closed","ping_status":"closed","sticky":false,"template":"","format":"standard","meta":{"fifu_image_url":"","fifu_image_alt":"","footnotes":""},"categories":[73,55],"tags":[],"class_list":["post-29645","post","type-post","status-publish","format-standard","has-post-thumbnail","hentry","category-actualite","category-tunisie"],"_links":{"self":[{"href":"https:\/\/linitiative.ca\/International\/wp-json\/wp\/v2\/posts\/29645","targetHints":{"allow":["GET"]}}],"collection":[{"href":"https:\/\/linitiative.ca\/International\/wp-json\/wp\/v2\/posts"}],"about":[{"href":"https:\/\/linitiative.ca\/International\/wp-json\/wp\/v2\/types\/post"}],"author":[{"embeddable":true,"href":"https:\/\/linitiative.ca\/International\/wp-json\/wp\/v2\/users\/1772"}],"replies":[{"embeddable":true,"href":"https:\/\/linitiative.ca\/International\/wp-json\/wp\/v2\/comments?post=29645"}],"version-history":[{"count":0,"href":"https:\/\/linitiative.ca\/International\/wp-json\/wp\/v2\/posts\/29645\/revisions"}],"wp:featuredmedia":[{"embeddable":true,"href":"https:\/\/linitiative.ca\/International\/wp-json\/"}],"wp:attachment":[{"href":"https:\/\/linitiative.ca\/International\/wp-json\/wp\/v2\/media?parent=29645"}],"wp:term":[{"taxonomy":"category","embeddable":true,"href":"https:\/\/linitiative.ca\/International\/wp-json\/wp\/v2\/categories?post=29645"},{"taxonomy":"post_tag","embeddable":true,"href":"https:\/\/linitiative.ca\/International\/wp-json\/wp\/v2\/tags?post=29645"}],"curies":[{"name":"wp","href":"https:\/\/api.w.org\/{rel}","templated":true}]}}