{"id":29652,"date":"2019-04-23T13:56:00","date_gmt":"2019-04-23T17:56:00","guid":{"rendered":"https:\/\/linitiative.ca\/International\/laffaire-des-deces-des-nouveau-nes-de-la-rabta-la-commission-denquete-presentera-ses-conclusions-jeudi\/"},"modified":"2019-04-23T13:56:00","modified_gmt":"2019-04-23T17:56:00","slug":"laffaire-des-deces-des-nouveau-nes-de-la-rabta-la-commission-denquete-presentera-ses-conclusions-jeudi","status":"publish","type":"post","link":"https:\/\/linitiative.ca\/International\/laffaire-des-deces-des-nouveau-nes-de-la-rabta-la-commission-denquete-presentera-ses-conclusions-jeudi\/","title":{"rendered":"L&rsquo;affaire des d\u00e9c\u00e8s des nouveau-n\u00e9s de la Rabta : la commission d&rsquo;enqu\u00eate pr\u00e9sentera ses conclusions jeudi"},"content":{"rendered":"<p>La commission nationale d&rsquo;investigation des d\u00e9c\u00e8s des nouveau- n\u00e9s au centre de maternit\u00e9 et de n\u00e9onatologie de Tunis remettra son rapport final \u00e0 la ministre de la Sant\u00e9 le jeudi 25 Avril dans la matin\u00e9e et pr\u00e9sentera les conclusions de son travail au cours d&rsquo;un point de presse pr\u00e9vu au minist\u00e8re de la sant\u00e9 le m\u00eame jour en d\u00e9but d&rsquo;apr\u00e8s-midi. C&rsquo;est ce qu&rsquo;a annonc\u00e9 le pr\u00e9sident de la commission, le Pr. Mohamed Douagi.<\/p>\n<p>L&rsquo;affaire avait suscit\u00e9 une vive \u00e9motion dans le pays. Outre cette commission, le parquet avait ouvert une enqu\u00eate judiciaire.<\/p>\n<p><strong>Lire aussi<\/strong><\/p>\n<p><a href=\"https:\/\/www.leaders.com.tn\/article\/26657-deces-de-11-nouveaux-nes-pr-zahra-marrakchi-nos-cris-de-detresse-n-ont-pas-fait-bouger-les-autorites\" target=\"_blank\" rel=\"noopener noreferrer\">D\u00e9c\u00e8s de 11 nouveaux-n\u00e9s -Pr Zahra Marrakchi : Nos cris de d\u00e9tresse n&rsquo;ont pas fait bouger les autorit\u00e9s<\/a><\/p>\n<p><a href=\"https:\/\/www.leaders.com.tn\/article\/26655-deces-de-onze-nouveaux-nes-la-tragedie-sanitaire-de-trop\" target=\"_blank\" rel=\"noopener noreferrer\">D\u00e9c\u00e8s de 11 nouveaux n\u00e9s dans un h\u00f4pital : une trag\u00e9die sanitaire annonc\u00e9e<\/a><\/p>\n<p><a href=\"https:\/\/www.leaders.com.tn\/article\/26658-dr-mohamed-adel-chehida-le-drame-des-nouveaux-nes-et-la-culture-de-l-impunite\" target=\"_blank\" rel=\"noopener noreferrer\">Dr Mohamed Adel Chehida : Le Drame des Nouveaux n\u00e9s et la culture de l&rsquo;impunit\u00e9<\/a><\/p>\n<p>Auteur:<br \/>\n<a href=\"https:\/\/www.leaders.com.tn\/article\/26958-l-affaire-des-deces-des-nouveau-nes-de-la-rabta-la-commission-d-enquete-presentera-ses-conclusions-jeudi\">Cliquez ici pour lire l&rsquo;article depuis sa source.<\/a><\/p>\n","protected":false},"excerpt":{"rendered":"<p>La commission nationale d&rsquo;investigation des d\u00e9c\u00e8s des nouveau- n\u00e9s au centre de maternit\u00e9 et de n\u00e9onatologie de Tunis remettra son rapport final \u00e0 la ministre de la Sant\u00e9 le jeudi 25 Avril dans la matin\u00e9e et pr\u00e9sentera les conclusions de son travail au cours d&rsquo;un point de presse pr\u00e9vu au minist\u00e8re de la sant\u00e9 le [&hellip;]<\/p>\n","protected":false},"author":1772,"featured_media":0,"comment_status":"closed","ping_status":"closed","sticky":false,"template":"","format":"standard","meta":{"fifu_image_url":"","fifu_image_alt":"","footnotes":""},"categories":[73,55],"tags":[],"class_list":["post-29652","post","type-post","status-publish","format-standard","hentry","category-actualite","category-tunisie"],"_links":{"self":[{"href":"https:\/\/linitiative.ca\/International\/wp-json\/wp\/v2\/posts\/29652","targetHints":{"allow":["GET"]}}],"collection":[{"href":"https:\/\/linitiative.ca\/International\/wp-json\/wp\/v2\/posts"}],"about":[{"href":"https:\/\/linitiative.ca\/International\/wp-json\/wp\/v2\/types\/post"}],"author":[{"embeddable":true,"href":"https:\/\/linitiative.ca\/International\/wp-json\/wp\/v2\/users\/1772"}],"replies":[{"embeddable":true,"href":"https:\/\/linitiative.ca\/International\/wp-json\/wp\/v2\/comments?post=29652"}],"version-history":[{"count":0,"href":"https:\/\/linitiative.ca\/International\/wp-json\/wp\/v2\/posts\/29652\/revisions"}],"wp:attachment":[{"href":"https:\/\/linitiative.ca\/International\/wp-json\/wp\/v2\/media?parent=29652"}],"wp:term":[{"taxonomy":"category","embeddable":true,"href":"https:\/\/linitiative.ca\/International\/wp-json\/wp\/v2\/categories?post=29652"},{"taxonomy":"post_tag","embeddable":true,"href":"https:\/\/linitiative.ca\/International\/wp-json\/wp\/v2\/tags?post=29652"}],"curies":[{"name":"wp","href":"https:\/\/api.w.org\/{rel}","templated":true}]}}