{"id":29653,"date":"2019-04-23T15:51:00","date_gmt":"2019-04-23T19:51:00","guid":{"rendered":"https:\/\/linitiative.ca\/International\/lhomme-daffaires-algerien-issad-rebrab-place-sous-mandat-de-depot\/"},"modified":"2019-04-23T15:51:00","modified_gmt":"2019-04-23T19:51:00","slug":"lhomme-daffaires-algerien-issad-rebrab-place-sous-mandat-de-depot","status":"publish","type":"post","link":"https:\/\/linitiative.ca\/International\/lhomme-daffaires-algerien-issad-rebrab-place-sous-mandat-de-depot\/","title":{"rendered":"L&rsquo;homme d&rsquo;affaires alg\u00e9rien Issad Rebrab plac\u00e9 sous mandat de d\u00e9p\u00f4t"},"content":{"rendered":"<p>Premi\u00e8re fortune d\u2019Alg\u00e9rie, Issad Rebrab, Pr\u00e9sident du Groupe Cevital, a \u00e9t\u00e9 plac\u00e9 sous mandat de d\u00e9p\u00f4t la nuit du lundi 22 avril \u00e0 mardi 23 avril. Dans un communiqu\u00e9 de presse\u00a0 son groupe s\u2019\u00e9tonne de cette mesure \u00ab puisqu\u2019il ne s\u2019agit, comme le laisse entendre une certaine presse, ni d\u2019affaire de corruption, ni de d\u00e9tournement, ni de dilapidation de deniers publics \u00bb ajoutant que \u00ab ces pratiques sont contraires \u00e0 notre \u00e9thique et nos valeurs \u00bb..<\/p>\n<p>La fortune de Rebrab est \u00e9valu\u00e9e \u00e0 3.8 milliards de dollars. Il est \u00e0 la t\u00eate d&rsquo;un groupe qui emploie 18000 personnes.<\/p>\n<p><strong>Lire aussi:<\/strong><\/p>\n<p><a href=\"https:\/\/www.leaders.com.tn\/article\/24521-issad-rebrab-nous-sommes-sur-le-point-de-conclure-un-important-accord-industriel-en-tunisie\" target=\"_blank\" rel=\"noopener noreferrer\">Issad Rebrab : Nous sommes sur le point de conclure un important accord industriel en Tunisie<\/a><\/p>\n<p>Auteur:<br \/>\n<a href=\"https:\/\/www.leaders.com.tn\/article\/26961-l-homme-d-affaires-algerien-issad-rebrab-place-sous-mandat-de-depot\">Cliquez ici pour lire l&rsquo;article depuis sa source.<\/a><\/p>\n","protected":false},"excerpt":{"rendered":"<p>Premi\u00e8re fortune d\u2019Alg\u00e9rie, Issad Rebrab, Pr\u00e9sident du Groupe Cevital, a \u00e9t\u00e9 plac\u00e9 sous mandat de d\u00e9p\u00f4t la nuit du lundi 22 avril \u00e0 mardi 23 avril. Dans un communiqu\u00e9 de presse\u00a0 son groupe s\u2019\u00e9tonne de cette mesure \u00ab puisqu\u2019il ne s\u2019agit, comme le laisse entendre une certaine presse, ni d\u2019affaire de corruption, ni de d\u00e9tournement, [&hellip;]<\/p>\n","protected":false},"author":1772,"featured_media":0,"comment_status":"closed","ping_status":"closed","sticky":false,"template":"","format":"standard","meta":{"fifu_image_url":"","fifu_image_alt":"","footnotes":""},"categories":[73,55],"tags":[],"class_list":["post-29653","post","type-post","status-publish","format-standard","hentry","category-actualite","category-tunisie"],"_links":{"self":[{"href":"https:\/\/linitiative.ca\/International\/wp-json\/wp\/v2\/posts\/29653","targetHints":{"allow":["GET"]}}],"collection":[{"href":"https:\/\/linitiative.ca\/International\/wp-json\/wp\/v2\/posts"}],"about":[{"href":"https:\/\/linitiative.ca\/International\/wp-json\/wp\/v2\/types\/post"}],"author":[{"embeddable":true,"href":"https:\/\/linitiative.ca\/International\/wp-json\/wp\/v2\/users\/1772"}],"replies":[{"embeddable":true,"href":"https:\/\/linitiative.ca\/International\/wp-json\/wp\/v2\/comments?post=29653"}],"version-history":[{"count":0,"href":"https:\/\/linitiative.ca\/International\/wp-json\/wp\/v2\/posts\/29653\/revisions"}],"wp:attachment":[{"href":"https:\/\/linitiative.ca\/International\/wp-json\/wp\/v2\/media?parent=29653"}],"wp:term":[{"taxonomy":"category","embeddable":true,"href":"https:\/\/linitiative.ca\/International\/wp-json\/wp\/v2\/categories?post=29653"},{"taxonomy":"post_tag","embeddable":true,"href":"https:\/\/linitiative.ca\/International\/wp-json\/wp\/v2\/tags?post=29653"}],"curies":[{"name":"wp","href":"https:\/\/api.w.org\/{rel}","templated":true}]}}