{"id":29657,"date":"2019-04-23T06:00:00","date_gmt":"2019-04-23T10:00:00","guid":{"rendered":"https:\/\/linitiative.ca\/International\/zoukh-et-soltani\/"},"modified":"2019-04-23T06:00:00","modified_gmt":"2019-04-23T10:00:00","slug":"zoukh-et-soltani","status":"publish","type":"post","link":"https:\/\/linitiative.ca\/International\/zoukh-et-soltani\/","title":{"rendered":"Zoukh et Soltani"},"content":{"rendered":"<p class=\"c3\">On a failli l\u00e2cher la proie pour l\u2019ombre. Le \u00ab d\u00e9gagement \u00bb sans m\u00e9nagement d\u2019Aboudjerra Soltani d\u2019une place parisienne par un groupe de manifestants\u00a0 a \u00e9trangement suscit\u00e9 plus de r\u00e9actions sur la forme que sur le fond. On peut estimer que la mani\u00e8re avec laquelle il a \u00e9t\u00e9 pouss\u00e9 dans une bouche de m\u00e9tro a \u00e9t\u00e9 brutale et ne correspond pas avec l\u2019\u00e9l\u00e9gance du mouvement populaire, jusque-l\u00e0 irr\u00e9prochable sur sa conduite. Mais on peut tout aussi bien estimer que\u00a0 la r\u00e9action a \u00e9t\u00e9 \u00e0 la mesure de la\u2026 provocation. Difficile en effet d\u2019imaginer un seul instant que l\u2019ancien leader du MSP ne savait pas ce qui l\u2019attendait en se rendant Place de la R\u00e9publique, choisie pour les rassemblements hebdomadaires par la communaut\u00e9 alg\u00e9rienne de la capitale fran\u00e7aise et ses environs. A posteriori, Soltani a m\u00eame ajout\u00e9 une sacr\u00e9e dose de cynisme \u00e0 la provocation : \u00ab Je suis all\u00e9 rassurer mes compatriotes sur la situation du pays et son avenir \u00bb ! Et d\u2019expliquer \u00e0 peu pr\u00e8s dans la foul\u00e9e qu\u2019il ne manquait que la haie d\u2019honneur, voire le tapis rouge tant qu\u2019\u00e0 faire pour l\u2019accueillir, sans \u00ab l\u2019agression des s\u00e9paratistes kabyles \u00bb qui ont emp\u00each\u00e9 une belle et \u00e9mouvante communion d\u2019un\u00a0 homme politique vertueux et charismatique avec les siens ! On allait presque oublier l\u2019essentiel. Aboudjerra Soltani est un islamiste qui pratique la politique de ses moyens sans jamais perdre le nord quand il s\u2019agit du projet dont il r\u00eave pour l\u2019Alg\u00e9rie. Il est dans l\u2019entrisme parce qu\u2019il est faible et parce que, moralement, il tra\u00eene trop de casseroles\u00a0 pour ne pas se compromettre. Et il est dans la\u2026 compromission jusqu\u2019au cou, y compris en d\u00e9fendant de la mani\u00e8re la plus z\u00e9l\u00e9e et la plus obs\u00e9quieuse le\u2026 cinqui\u00e8me mandat.<br \/>Hier, c\u2019\u00e9tait au tour de l\u2019in\u00e9narrable wali d\u2019Alger de se faire \u00ab raccompagner \u00bb dans la voiture officielle qui l\u2019avait transport\u00e9 dans la Basse-Casbah, entour\u00e9e d\u2019une pl\u00e9thorique mais impuissante garde rapproch\u00e9e. Une autre provocation : M. Zoukh est all\u00e9 parader dans un espace o\u00f9 venait de s\u2019effondre un vieil immeuble. Plusieurs morts, des bless\u00e9s et le bilan tend \u00e0 s\u2019alourdir. Les jeunes qui l\u2019ont \u00e9conduit doivent avoir en m\u00e9moire ceci : il y a deux ou trois ans, son fils qui venait de d\u00e9barquer \u00e0 Alger, venant d\u2019une autre ville o\u00f9 il r\u00e9sidait, a \u00ab b\u00e9n\u00e9fici\u00e9 \u00bb d\u2019un grand appartement AADL, sans dossier, sans proc\u00e9dure et peut-\u00eatre bien sans l\u2019apport financier r\u00e9glementaire. Il fallait voir avec quelle arrogance il avait expliqu\u00e9 ce privil\u00e8ge pour comprendre qu\u2019il n\u2019avait jamais imagin\u00e9 en arriver aussi rapidement \u00e0 se faire bousculer dans un quartier d\u2019Alger. Dans la foule qui l\u2019avait accueilli -plut\u00f4t cueilli &#8211; dans la Casbah, il y avait peut-\u00eatre des gens qui attendent leur appartement AADL depuis\u2026 18 ans ! Enfin, il devait y en avoir qui n\u2019ont m\u00eame pas cette \u00ab chance \u00bb. Quant \u00e0 M. Zoukh, l\u2019appart du fiston doit \u00eatre la moindre de ses casseroles, tellement il en tra\u00eene et d\u2019un tout autre calibre.<br \/>Dans le cas de Soltani comme dans celui de Zoukh, on n\u2019a pas oubli\u00e9 l\u2019essentiel, qui a les couleurs d\u2019une premi\u00e8re victoire : en attendant qu\u2019ils partent, les figures du r\u00e9gime et ses clients doivent vivre cach\u00e9s. L\u2019espace public, m\u00eame sous bonne escorte, leur est d\u00e9sormais interdit.<br \/><em><strong>S. L.<\/strong><\/em><\/p>\n<p>Auteur:<br \/>\n<a href=\"https:\/\/www.lesoirdalgerie.com\/constances\/zoukh-et-soltani-22792\">Cliquez ici pour lire l&rsquo;article depuis sa source.<\/a><\/p>\n","protected":false},"excerpt":{"rendered":"<p>On a failli l\u00e2cher la proie pour l\u2019ombre. Le \u00ab d\u00e9gagement \u00bb sans m\u00e9nagement d\u2019Aboudjerra Soltani d\u2019une place parisienne par un groupe de manifestants\u00a0 a \u00e9trangement suscit\u00e9 plus de r\u00e9actions sur la forme que sur le fond. On peut estimer que la mani\u00e8re avec laquelle il a \u00e9t\u00e9 pouss\u00e9 dans une bouche de m\u00e9tro a [&hellip;]<\/p>\n","protected":false},"author":1741,"featured_media":0,"comment_status":"closed","ping_status":"closed","sticky":false,"template":"","format":"standard","meta":{"fifu_image_url":"","fifu_image_alt":"","footnotes":""},"categories":[73,53],"tags":[],"class_list":["post-29657","post","type-post","status-publish","format-standard","hentry","category-actualite","category-algerie"],"_links":{"self":[{"href":"https:\/\/linitiative.ca\/International\/wp-json\/wp\/v2\/posts\/29657","targetHints":{"allow":["GET"]}}],"collection":[{"href":"https:\/\/linitiative.ca\/International\/wp-json\/wp\/v2\/posts"}],"about":[{"href":"https:\/\/linitiative.ca\/International\/wp-json\/wp\/v2\/types\/post"}],"author":[{"embeddable":true,"href":"https:\/\/linitiative.ca\/International\/wp-json\/wp\/v2\/users\/1741"}],"replies":[{"embeddable":true,"href":"https:\/\/linitiative.ca\/International\/wp-json\/wp\/v2\/comments?post=29657"}],"version-history":[{"count":0,"href":"https:\/\/linitiative.ca\/International\/wp-json\/wp\/v2\/posts\/29657\/revisions"}],"wp:attachment":[{"href":"https:\/\/linitiative.ca\/International\/wp-json\/wp\/v2\/media?parent=29657"}],"wp:term":[{"taxonomy":"category","embeddable":true,"href":"https:\/\/linitiative.ca\/International\/wp-json\/wp\/v2\/categories?post=29657"},{"taxonomy":"post_tag","embeddable":true,"href":"https:\/\/linitiative.ca\/International\/wp-json\/wp\/v2\/tags?post=29657"}],"curies":[{"name":"wp","href":"https:\/\/api.w.org\/{rel}","templated":true}]}}