{"id":29658,"date":"2019-04-23T06:00:00","date_gmt":"2019-04-23T10:00:00","guid":{"rendered":"https:\/\/linitiative.ca\/International\/le-p-apc-et-quatre-elus-de-bechloul-demissionnent-du-rnd\/"},"modified":"2019-04-23T06:00:00","modified_gmt":"2019-04-23T10:00:00","slug":"le-p-apc-et-quatre-elus-de-bechloul-demissionnent-du-rnd","status":"publish","type":"post","link":"https:\/\/linitiative.ca\/International\/le-p-apc-et-quatre-elus-de-bechloul-demissionnent-du-rnd\/","title":{"rendered":"Le P\/APC et quatre \u00e9lus de Bechloul d\u00e9missionnent du RND"},"content":{"rendered":"<p>Le Hirak fait encore parler de lui au sein des Assembl\u00e9es communales de Bouira. Ainsi, apr\u00e8s les d\u00e9cisions de 14 P\/APC de ne pas superviser la r\u00e9vision des listes \u00e9lectorales et de boycotter la pr\u00e9sidentielle annonc\u00e9e pour le 4 juillet prochain, voil\u00e0 qu\u2019une autre d\u00e9cision politique vient dans le sillage de ce qui pr\u00e9vaut dans le pays.<br \/>Cette fois-ci, c\u2019est le RND qui en fait les frais puisque le P\/APC, Ammouche Abdelkader, et quatre autres \u00e9lus de ce parti dans la commune de Bechloul, qui a vu le RND remporter les derni\u00e8res \u00e9lections locales, ont d\u00e9cid\u00e9 ce lundi\u2002de quitter ce parti d\u2019une mani\u00e8re collective et ce, pour \u00ab\u00eatre du c\u00f4t\u00e9 du peuple et le mouvement populaire\u00bb, expliquent-ils dans une lettre adress\u00e9e au coordinateur du RND au niveau de la wilaya de Bouira.<br \/>Rappelons que l\u2019ex-P\/APC de Taghzout ainsi que son staff, d\u2019ob\u00e9dience FLN, qui \u00e9taient d\u00e9mis de leurs postes par le wali il y a de cela quelques mois apr\u00e8s un blocage qui a dur\u00e9 pr\u00e8s d\u2019une ann\u00e9e, ont, eux aussi, pris, au d\u00e9but du mouvement Hirak, la d\u00e9cision de \u00abse d\u00e9marquer de la direction du parti FLN et de manifester publiquement leur soutien au mouvement et d\u2019\u00eatre aux c\u00f4t\u00e9s du peuple et ses revendications l\u00e9gitimes\u00bb, alors que, dans la journ\u00e9e d\u2019hier, ce fut \u00e9galement un autre maire FLN, en l\u2019occurrence le P\/APC de Ha\u00efzer de rejoindre le Hirak et de se d\u00e9marquer publiquement de la r\u00e9vision des listes \u00e9lectorales et de la pr\u00e9sidentielle du 4 juillet prochain.<br \/>Y. Y.<\/p>\n<p>Auteur:<br \/>\n<a href=\"https:\/\/www.lesoirdalgerie.com\/regions\/le-p-apc-et-quatre-elus-de-bechloul-demissionnent-du-rnd-22791\">Cliquez ici pour lire l&rsquo;article depuis sa source.<\/a><\/p>\n","protected":false},"excerpt":{"rendered":"<p>Le Hirak fait encore parler de lui au sein des Assembl\u00e9es communales de Bouira. Ainsi, apr\u00e8s les d\u00e9cisions de 14 P\/APC de ne pas superviser la r\u00e9vision des listes \u00e9lectorales et de boycotter la pr\u00e9sidentielle annonc\u00e9e pour le 4 juillet prochain, voil\u00e0 qu\u2019une autre d\u00e9cision politique vient dans le sillage de ce qui pr\u00e9vaut dans [&hellip;]<\/p>\n","protected":false},"author":1741,"featured_media":0,"comment_status":"closed","ping_status":"closed","sticky":false,"template":"","format":"standard","meta":{"fifu_image_url":"","fifu_image_alt":"","footnotes":""},"categories":[73,53],"tags":[],"class_list":["post-29658","post","type-post","status-publish","format-standard","hentry","category-actualite","category-algerie"],"_links":{"self":[{"href":"https:\/\/linitiative.ca\/International\/wp-json\/wp\/v2\/posts\/29658","targetHints":{"allow":["GET"]}}],"collection":[{"href":"https:\/\/linitiative.ca\/International\/wp-json\/wp\/v2\/posts"}],"about":[{"href":"https:\/\/linitiative.ca\/International\/wp-json\/wp\/v2\/types\/post"}],"author":[{"embeddable":true,"href":"https:\/\/linitiative.ca\/International\/wp-json\/wp\/v2\/users\/1741"}],"replies":[{"embeddable":true,"href":"https:\/\/linitiative.ca\/International\/wp-json\/wp\/v2\/comments?post=29658"}],"version-history":[{"count":0,"href":"https:\/\/linitiative.ca\/International\/wp-json\/wp\/v2\/posts\/29658\/revisions"}],"wp:attachment":[{"href":"https:\/\/linitiative.ca\/International\/wp-json\/wp\/v2\/media?parent=29658"}],"wp:term":[{"taxonomy":"category","embeddable":true,"href":"https:\/\/linitiative.ca\/International\/wp-json\/wp\/v2\/categories?post=29658"},{"taxonomy":"post_tag","embeddable":true,"href":"https:\/\/linitiative.ca\/International\/wp-json\/wp\/v2\/tags?post=29658"}],"curies":[{"name":"wp","href":"https:\/\/api.w.org\/{rel}","templated":true}]}}