{"id":29667,"date":"2019-04-23T06:02:52","date_gmt":"2019-04-23T10:02:52","guid":{"rendered":"https:\/\/linitiative.ca\/International\/amenagement-du-territoire-le-gouvernement-devoile-sa-strategie-de-developpement\/"},"modified":"2019-04-23T06:02:52","modified_gmt":"2019-04-23T10:02:52","slug":"amenagement-du-territoire-le-gouvernement-devoile-sa-strategie-de-developpement","status":"publish","type":"post","link":"https:\/\/linitiative.ca\/International\/amenagement-du-territoire-le-gouvernement-devoile-sa-strategie-de-developpement\/","title":{"rendered":"Am\u00e9nagement du territoire : le gouvernement d\u00e9voile sa strat\u00e9gie de d\u00e9veloppement"},"content":{"rendered":"<p>Le minist\u00e8re de l\u2019Am\u00e9nagement du territoire, de l\u2019Urbanisme, de l\u2019Habitat et de la Politique de la ville et l\u2019Association des r\u00e9gions du Maroc (<strong>ARM<\/strong>) ont sign\u00e9, lundi \u00e0 Rabat, une convention de partenariat pour la mise en place d\u2019un cadre de coop\u00e9ration dans les domaines du d\u00e9veloppement territorial et de l\u2019am\u00e9nagement de l\u2019espace.<\/p>\n<div class=\"c10\"\/>\n<p>Sign\u00e9e par le ministre de l\u2019Am\u00e9nagement du territoire, de l\u2019urbanisme, de l\u2019habitat et de la politique de la ville, Abdelahad Fassi Fehri, et le pr\u00e9sident de l\u2019Association des r\u00e9gions du Maroc, Mohand Laenser, en pr\u00e9sence du chef du gouvernement Sa\u00e2d Dine El Otmani, la convention vise \u00e0 resserrer les liens de partenariat et de coop\u00e9ration par le biais de l\u2019\u00e9change d\u2019expertises dans les domaines de l\u2019<strong>am\u00e9nagement du territoire<\/strong> national et du d\u00e9veloppement de l\u2019espace.<\/p>\n<p>Il s\u2019agit \u00e9galement de d\u00e9velopper les capacit\u00e9s des \u00e9lus r\u00e9gionaux et cadres des conseils des r\u00e9gions en mati\u00e8re d\u2019am\u00e9nagement du territoire national et du d\u00e9veloppement territorial dans les zones urbaines et rurales, mais aussi d\u2019explorer les opportunit\u00e9s de coop\u00e9ration internationale et de tirer profit du r\u00e9seau des relations de part et d\u2019autre dans l\u2019objectif de concr\u00e9tiser les finalit\u00e9s de cet accord.<\/p>\n<p>Aux termes de cette convention, sign\u00e9e en marge de la conf\u00e9rence nationale sur les orientations de la politique publique de l\u2019am\u00e9nagement du territoire, le minist\u00e8re s\u2019engage \u00e0 accompagner l\u2019ARM dans la mise en \u0153uvre du processus de r\u00e9gionalisation avanc\u00e9e dans ses volets relatifs \u00e0 l\u2019am\u00e9nagement du territoire et au d\u00e9veloppement spatial et \u00e0 fournir l\u2019appui technique en faveur de l\u2019association, en vue de r\u00e9aliser certaines activit\u00e9s en commun.<\/p>\n<p>Il s\u2019engage en outre \u00e0 mobiliser les \u00e9tablissements de formation relevant du minist\u00e8re pour d\u00e9velopper les capacit\u00e9s de l\u2019association et des Conseils r\u00e9gionaux et \u00e0 fournir \u00e0 celle-ci des informations et des indicateurs autour du d\u00e9veloppement r\u00e9gional dont dispose le d\u00e9partement.<\/p>\n<p>Pour sa part, l\u2019ARM devra mobiliser et impliquer les conseils des r\u00e9gions en faveur des activit\u00e9s communes, \u0153uvrer de concert avec le minist\u00e8re lorsqu\u2019il s\u2019agit d\u2019activit\u00e9s de port\u00e9e internationale sur des sujets d\u2019int\u00e9r\u00eat commun et partager avec ce m\u00eame d\u00e9partement les donn\u00e9es et les \u00e9tudes men\u00e9es par l\u2019association.<\/p>\n<p>La conf\u00e9rence nationale sur les orientations de la politique publique de l\u2019am\u00e9nagement du territoire se fixe pour objectif de favoriser la r\u00e9flexion collective aux perspectives d\u2019avenir, en r\u00e9ponse aux enjeux \u00e9conomiques, sociaux et environnementaux de demain, afin de b\u00e2tir un consensus dynamique sur les principes fondant le renouveau de la politique de l\u2019am\u00e9nagement du territoire.<\/p>\n<div class=\"c17\">\n<fieldset class=\"c16\">\n<legend><strong><span class=\"c11\">Challenge<\/span><span class=\"c12\">news<\/span><\/strong><\/legend>\n<div class=\"c15\">Le meilleur de la r\u00e9daction s\u00e9lectionn\u00e9 par Challenge :<\/p>\n<\/div>\n<\/fieldset>\n<\/div>\n<p>Auteur: challenge<br \/>\n<a href=\"https:\/\/www.challenge.ma\/amenagement-du-territoire-le-gouvernement-devoile-sa-strategie-de-developpement-108106\/\">Cliquez ici pour lire l&rsquo;article depuis sa source.<\/a><\/p>\n","protected":false},"excerpt":{"rendered":"<p>Le minist\u00e8re de l\u2019Am\u00e9nagement du territoire, de l\u2019Urbanisme, de l\u2019Habitat et de la Politique de la ville et l\u2019Association des r\u00e9gions du Maroc (ARM) ont sign\u00e9, lundi \u00e0 Rabat, une convention de partenariat pour la mise en place d\u2019un cadre de coop\u00e9ration dans les domaines du d\u00e9veloppement territorial et de l\u2019am\u00e9nagement de l\u2019espace. Sign\u00e9e par [&hellip;]<\/p>\n","protected":false},"author":1787,"featured_media":0,"comment_status":"closed","ping_status":"closed","sticky":false,"template":"","format":"standard","meta":{"fifu_image_url":"","fifu_image_alt":"","footnotes":""},"categories":[78,54],"tags":[],"class_list":["post-29667","post","type-post","status-publish","format-standard","hentry","category-economie","category-maroc"],"_links":{"self":[{"href":"https:\/\/linitiative.ca\/International\/wp-json\/wp\/v2\/posts\/29667","targetHints":{"allow":["GET"]}}],"collection":[{"href":"https:\/\/linitiative.ca\/International\/wp-json\/wp\/v2\/posts"}],"about":[{"href":"https:\/\/linitiative.ca\/International\/wp-json\/wp\/v2\/types\/post"}],"author":[{"embeddable":true,"href":"https:\/\/linitiative.ca\/International\/wp-json\/wp\/v2\/users\/1787"}],"replies":[{"embeddable":true,"href":"https:\/\/linitiative.ca\/International\/wp-json\/wp\/v2\/comments?post=29667"}],"version-history":[{"count":0,"href":"https:\/\/linitiative.ca\/International\/wp-json\/wp\/v2\/posts\/29667\/revisions"}],"wp:attachment":[{"href":"https:\/\/linitiative.ca\/International\/wp-json\/wp\/v2\/media?parent=29667"}],"wp:term":[{"taxonomy":"category","embeddable":true,"href":"https:\/\/linitiative.ca\/International\/wp-json\/wp\/v2\/categories?post=29667"},{"taxonomy":"post_tag","embeddable":true,"href":"https:\/\/linitiative.ca\/International\/wp-json\/wp\/v2\/tags?post=29667"}],"curies":[{"name":"wp","href":"https:\/\/api.w.org\/{rel}","templated":true}]}}