{"id":29670,"date":"2019-04-23T11:42:32","date_gmt":"2019-04-23T15:42:32","guid":{"rendered":"https:\/\/linitiative.ca\/International\/education-prescolaire-le-maroc-souvre-a-lexperience-finlandaise\/"},"modified":"2019-04-23T11:42:32","modified_gmt":"2019-04-23T15:42:32","slug":"education-prescolaire-le-maroc-souvre-a-lexperience-finlandaise","status":"publish","type":"post","link":"https:\/\/linitiative.ca\/International\/education-prescolaire-le-maroc-souvre-a-lexperience-finlandaise\/","title":{"rendered":"Education pr\u00e9scolaire : le Maroc s\u2019ouvre \u00e0 l\u2019exp\u00e9rience finlandaise"},"content":{"rendered":"<p>Un protocole de coop\u00e9ration et de partenariat a \u00e9t\u00e9 sign\u00e9, mardi \u00e0 Rabat, entre <strong>FinlandWay International Preschools<\/strong>, un des leaders de l\u2019\u00e9ducation pr\u00e9scolaire en Finlande et le Groupe scolaire Benabdallah visant \u00e0 lancer la premi\u00e8re unit\u00e9 pionni\u00e8re d\u2019\u00e9ducation pr\u00e9scolaire finlandaise au Maroc pour les enfants de 12 mois \u00e0 6 ans.<\/p>\n<div class=\"c10\"\/>\n<p>Cette initiative, la premi\u00e8re du genre au Maroc et en Afrique, a pour objectif de dispenser un enseignement novateur bas\u00e9 sur le dernier programme scolaire finlandais pr\u00f4nant une m\u00e9thodologie bas\u00e9e sur le jeu.<\/p>\n<p>Cette action se veut l\u2019opportunit\u00e9 de mettre en place une maternelle bas\u00e9e sur un syst\u00e8me d\u2019\u00e9ducation de la petite enfance novateur en s\u2019inspirant du programme scolaire finlandais et de la m\u00e9thodologie scientifique fond\u00e9e sur le jeu, a indiqu\u00e9 le fondateur du <strong>Groupe scolaire Benabdellah<\/strong> \u00e0 Marrakech, Adnane Benabdellah.<\/p>\n<p>Il a par ailleurs relev\u00e9 que cette convention, qui profitera \u00e9galement aux \u00e9coles publiques partenaires, vise \u00e0 offrir des formations en ligne de neuf mois aux \u00e9ducatrices, adapt\u00e9es aux besoins des enfants marocains et anim\u00e9es par des experts finlandais.<\/p>\n<p>De son c\u00f4t\u00e9, la pr\u00e9sidente co-fondatrice de FinlandWay International, Noora Laitio a soulign\u00e9 que les \u00e9l\u00e8ves de la nouvelle \u00e9cole maternelle FinlandWay b\u00e9n\u00e9ficieront d\u2019un programme participatif, ludique et efficace, et d\u2019un programme scolaire complet, con\u00e7u pour offrir une base solide \u00e0 l\u2019apprentissage tout au long de la vie, \u00e0 la pr\u00e9paration acad\u00e9mique, au bien-\u00eatre et \u00e0 tous les domaines cl\u00e9s cognitifs et non cognitifs.<\/p>\n<p>Elle a \u00e9galement fait savoir que les parents b\u00e9n\u00e9ficieront eux aussi d\u2019un syst\u00e8me de suivi de l\u2019apprentissage \u00e0 la pointe de la <strong>technologie num\u00e9rique<\/strong> pour une visibilit\u00e9 sur les progr\u00e8s de leurs enfants.<\/p>\n<p>\u00ab\u00a0Cette solution mobile aidera les parents et l\u2019\u00e9cole \u00e0 travailler ensemble pour soutenir le d\u00e9veloppement des \u00e9l\u00e8ves afin d\u2019acqu\u00e9rir les comp\u00e9tences cl\u00e9s pour leur avenir\u00a0\u00bb, a soutenu la pr\u00e9sidente.<\/p>\n<p>Pour sa part, l\u2019Ambassadeur de Finlande au Maroc, Anne Vasara, s\u2019est r\u00e9jouie de cette convention, mettant en avant l\u2019int\u00e9r\u00eat port\u00e9e par les \u00e9tablissements marocains au mod\u00e8le finlandais en mati\u00e8re de syst\u00e8me \u00e9ducatif.<\/p>\n<div class=\"c17\">\n<fieldset class=\"c16\">\n<legend><strong><span class=\"c11\">Challenge<\/span><span class=\"c12\">news<\/span><\/strong><\/legend>\n<div class=\"c15\">Le meilleur de la r\u00e9daction s\u00e9lectionn\u00e9 par Challenge :<\/p>\n<\/div>\n<\/fieldset>\n<\/div>\n<p>Auteur: challenge<br \/>\n<a href=\"https:\/\/www.challenge.ma\/education-prescolaire-le-maroc-souvre-a-lexperience-finlandaise-108134\/\">Cliquez ici pour lire l&rsquo;article depuis sa source.<\/a><\/p>\n","protected":false},"excerpt":{"rendered":"<p>Un protocole de coop\u00e9ration et de partenariat a \u00e9t\u00e9 sign\u00e9, mardi \u00e0 Rabat, entre FinlandWay International Preschools, un des leaders de l\u2019\u00e9ducation pr\u00e9scolaire en Finlande et le Groupe scolaire Benabdallah visant \u00e0 lancer la premi\u00e8re unit\u00e9 pionni\u00e8re d\u2019\u00e9ducation pr\u00e9scolaire finlandaise au Maroc pour les enfants de 12 mois \u00e0 6 ans. Cette initiative, la premi\u00e8re [&hellip;]<\/p>\n","protected":false},"author":1787,"featured_media":0,"comment_status":"closed","ping_status":"closed","sticky":false,"template":"","format":"standard","meta":{"fifu_image_url":"","fifu_image_alt":"","footnotes":""},"categories":[78,54],"tags":[],"class_list":["post-29670","post","type-post","status-publish","format-standard","hentry","category-economie","category-maroc"],"_links":{"self":[{"href":"https:\/\/linitiative.ca\/International\/wp-json\/wp\/v2\/posts\/29670","targetHints":{"allow":["GET"]}}],"collection":[{"href":"https:\/\/linitiative.ca\/International\/wp-json\/wp\/v2\/posts"}],"about":[{"href":"https:\/\/linitiative.ca\/International\/wp-json\/wp\/v2\/types\/post"}],"author":[{"embeddable":true,"href":"https:\/\/linitiative.ca\/International\/wp-json\/wp\/v2\/users\/1787"}],"replies":[{"embeddable":true,"href":"https:\/\/linitiative.ca\/International\/wp-json\/wp\/v2\/comments?post=29670"}],"version-history":[{"count":0,"href":"https:\/\/linitiative.ca\/International\/wp-json\/wp\/v2\/posts\/29670\/revisions"}],"wp:attachment":[{"href":"https:\/\/linitiative.ca\/International\/wp-json\/wp\/v2\/media?parent=29670"}],"wp:term":[{"taxonomy":"category","embeddable":true,"href":"https:\/\/linitiative.ca\/International\/wp-json\/wp\/v2\/categories?post=29670"},{"taxonomy":"post_tag","embeddable":true,"href":"https:\/\/linitiative.ca\/International\/wp-json\/wp\/v2\/tags?post=29670"}],"curies":[{"name":"wp","href":"https:\/\/api.w.org\/{rel}","templated":true}]}}