{"id":29677,"date":"2019-04-23T14:23:35","date_gmt":"2019-04-23T18:23:35","guid":{"rendered":"https:\/\/linitiative.ca\/International\/coupe-de-la-caf-less-confirme-et-file-en-demi-finale\/"},"modified":"2019-04-23T14:23:35","modified_gmt":"2019-04-23T18:23:35","slug":"coupe-de-la-caf-less-confirme-et-file-en-demi-finale","status":"publish","type":"post","link":"https:\/\/linitiative.ca\/International\/coupe-de-la-caf-less-confirme-et-file-en-demi-finale\/","title":{"rendered":"Coupe de la CAF : L\u2019ESS confirme et file en demi-finale"},"content":{"rendered":"<div class=\"nc_socialPanel swp_flatFresh swp_d_fullColor swp_i_fullColor swp_o_fullColor scale-100 scale-fullWidth\" data-position=\"none\" data-float=\"floatNone\" data-count=\"5\" data-floatcolor=\"#ffffff\" data-emphasize=\"0\">\n<div class=\"nc_tweetContainer totes totesalt\" data-id=\"6\"><span class=\"swp_count\"><span class=\"swp_label\">Partages<\/span> 0<\/span><\/div>\n<\/div>\n<p>Quelques jours apr\u00e8s avoir remport\u00e9 la Coupe arabe des Clubs, l\u2019Etoile Sportive du Sahel a confirm\u00e9 sa belle s\u00e9rie en battant Al Hilal (1-2) et passant pour la demi-finale de la Coupe de la CAF.<\/p>\n<p>Malgr\u00e9 une mauvaise entame du match encaissant le premier but par\u00a0Nazar\u00a0Hamid (30e), les Etoil\u00e9s ont bien g\u00e9r\u00e9 le reste de la rencontre en inscrivant deux but par Karim\u00a0Aribi\u00a0(36e) et Wajdi\u00a0Kechrida\u00a0(80e).<\/p>\n<div class=\"code-block code-block-1 c5\"><ins class=\"adsbygoogle c4\" data-ad-layout=\"in-article\" data-ad-format=\"fluid\" data-ad-client=\"ca-pub-2102118777505746\" data-ad-slot=\"7301775417\"\/> <\/div>\n<p>Il est \u00e0 noter que Yassine\u00a0Chikhaoui\u00a0a rat\u00e9 un penalty \u00e0 la (34e) quand le r\u00e9sultat \u00e9tait (1-0) pour les Soudanais. Ainsi, l\u2019attaquant alg\u00e9rien de l\u2019ESS Karim\u00a0Aribi\u00a0auteur du premier match de son \u00e9quipe a quitt\u00e9 la rencontre sur un carton rouge.<\/p>\n<p>Profitant du succ\u00e8s r\u00e9alis\u00e9 \u00e0 Sousse \u00e0 l\u2019aller (3-1), la formation Etoil\u00e9e a bien valid\u00e9 son visa de qualification pour la demi-finale de la comp\u00e9tition pour affronter les \u00c9gyptiens d\u2019Al-Zamalek.<\/p>\n<p>La demi-finale aller se d\u00e9roulera ce dimanche en Egypte alors que le retour aura lieu le 5 mai \u00e0 Sousse.<\/p>\n<div class=\"mvp-org-wrap mvp-org-logo\" itemprop=\"publisher\" itemscope=\"\" itemtype=\"https:\/\/schema.org\/Organization\"><img decoding=\"async\" src=\"https:\/\/sport.tunisienumerique.com\/wp-content\/uploads\/2017\/05\/logo_tunisie_numerique.png\"\/><\/div>\n<div class=\"nc_socialPanel swp_flatFresh swp_d_fullColor swp_i_fullColor swp_o_fullColor scale-100 scale-fullWidth\" data-position=\"none\" data-float=\"floatNone\" data-count=\"5\" data-floatcolor=\"#ffffff\" data-emphasize=\"0\">\n<div class=\"nc_tweetContainer totes totesalt\" data-id=\"6\"><span class=\"swp_count\"><span class=\"swp_label\">Partages<\/span> 0<\/span><\/div>\n<\/div>\n<div class=\"mvp-related-posts left relative\">\n<h4 class=\"post-header\"><span class=\"post-header\">Lire aussi<\/span><\/h4>\n<\/div>\n<p>Auteur: a.<br \/>\n<a href=\"https:\/\/sport.tunisienumerique.com\/coupe-de-caf-less-confirme-file-demi-finale\/\">Cliquez ici pour lire l&rsquo;article depuis sa source.<\/a><\/p>\n","protected":false},"excerpt":{"rendered":"<p>Partages 0 Quelques jours apr\u00e8s avoir remport\u00e9 la Coupe arabe des Clubs, l\u2019Etoile Sportive du Sahel a confirm\u00e9 sa belle s\u00e9rie en battant Al Hilal (1-2) et passant pour la demi-finale de la Coupe de la CAF. Malgr\u00e9 une mauvaise entame du match encaissant le premier but par\u00a0Nazar\u00a0Hamid (30e), les Etoil\u00e9s ont bien g\u00e9r\u00e9 le [&hellip;]<\/p>\n","protected":false},"author":1789,"featured_media":29678,"comment_status":"closed","ping_status":"closed","sticky":false,"template":"","format":"standard","meta":{"fifu_image_url":"","fifu_image_alt":"","footnotes":""},"categories":[73,55],"tags":[],"class_list":["post-29677","post","type-post","status-publish","format-standard","has-post-thumbnail","hentry","category-actualite","category-tunisie"],"_links":{"self":[{"href":"https:\/\/linitiative.ca\/International\/wp-json\/wp\/v2\/posts\/29677","targetHints":{"allow":["GET"]}}],"collection":[{"href":"https:\/\/linitiative.ca\/International\/wp-json\/wp\/v2\/posts"}],"about":[{"href":"https:\/\/linitiative.ca\/International\/wp-json\/wp\/v2\/types\/post"}],"author":[{"embeddable":true,"href":"https:\/\/linitiative.ca\/International\/wp-json\/wp\/v2\/users\/1789"}],"replies":[{"embeddable":true,"href":"https:\/\/linitiative.ca\/International\/wp-json\/wp\/v2\/comments?post=29677"}],"version-history":[{"count":0,"href":"https:\/\/linitiative.ca\/International\/wp-json\/wp\/v2\/posts\/29677\/revisions"}],"wp:featuredmedia":[{"embeddable":true,"href":"https:\/\/linitiative.ca\/International\/wp-json\/"}],"wp:attachment":[{"href":"https:\/\/linitiative.ca\/International\/wp-json\/wp\/v2\/media?parent=29677"}],"wp:term":[{"taxonomy":"category","embeddable":true,"href":"https:\/\/linitiative.ca\/International\/wp-json\/wp\/v2\/categories?post=29677"},{"taxonomy":"post_tag","embeddable":true,"href":"https:\/\/linitiative.ca\/International\/wp-json\/wp\/v2\/tags?post=29677"}],"curies":[{"name":"wp","href":"https:\/\/api.w.org\/{rel}","templated":true}]}}