{"id":29681,"date":"2019-04-23T14:55:46","date_gmt":"2019-04-23T18:55:46","guid":{"rendered":"https:\/\/linitiative.ca\/International\/tunisie-derniere-mise-a-jour-des-poids-des-differents-blocs-parlementaires-a-larp\/"},"modified":"2019-04-23T14:55:46","modified_gmt":"2019-04-23T18:55:46","slug":"tunisie-derniere-mise-a-jour-des-poids-des-differents-blocs-parlementaires-a-larp","status":"publish","type":"post","link":"https:\/\/linitiative.ca\/International\/tunisie-derniere-mise-a-jour-des-poids-des-differents-blocs-parlementaires-a-larp\/","title":{"rendered":"Tunisie \u2013 Derni\u00e8re mise \u00e0 jour des poids des diff\u00e9rents blocs parlementaires \u00e0 l\u2019ARP"},"content":{"rendered":"<div class=\"post-cont-in left relative\">\n<div class=\"nc_socialPanel swp_flatFresh swp_d_fullColor swp_i_fullColor swp_o_fullColor scale-100 scale-fullWidth\" data-position=\"none\" data-float=\"floatNone\" data-count=\"5\" data-floatcolor=\"#ffffff\" data-emphasize=\"0\">\n<div class=\"nc_tweetContainer totes totesalt\" data-id=\"6\"><span class=\"swp_count\"><span class=\"swp_label\">Partages<\/span> 0<\/span><\/div>\n<\/div>\n<p>Le vice pr\u00e9sident de l\u2019ARP, Abdelfattah Mourou a annonc\u00e9, ce mardi, les d\u00e9missions de Faouzia Ben Fodha,\u00a0 Kamel Harragui et Abdelkader Ben Dhifallah du bloc parlementaire Nidaa Tounes. Par ailleurs, il a annonc\u00e9 l\u2019adh\u00e9sion \u00e0 ce bloc de Youssef Jouini.<\/p>\n<p>De cette mani\u00e8re, la nouvelle composition des diff\u00e9rents blocs parlementaires devient comme suit\u00a0:<\/p>\n<div class=\"code-block code-block-1 c3\"><ins class=\"adsbygoogle c2\" data-ad-layout=\"in-article\" data-ad-format=\"fluid\" data-ad-client=\"ca-pub-2102118777505746\" data-ad-slot=\"7301775417\"\/> <\/div>\n<ul>\n<li>Ennahdha\u00a0: 68 si\u00e8ges;<\/li>\n<li>Coalition nationale\u00a0: 44 si\u00e8ges;<\/li>\n<li>Nidaa Tounes\u00a0: 38 si\u00e8ges;<\/li>\n<li>Bloc Al Horaa (Al Machrou3): 16 si\u00e8ges;<\/li>\n<li>Front populaire: 15 si\u00e8ges;<\/li>\n<li>Front d\u00e9mocratique\u00a0: 12 si\u00e8ges;<\/li>\n<li>Al Walaa Lel Watan\u00a0: 10 si\u00e8ges;<\/li>\n<li>Ind\u00e9pendants\u00a0: 14 si\u00e8ges.<\/li>\n<\/ul>\n<p><img loading=\"lazy\" decoding=\"async\" class=\"aligncenter size-full wp-image-430194\" src=\"https:\/\/www.tunisienumerique.com\/wp-content\/uploads\/2019\/04\/blocs.jpg\" alt=\"\" width=\"671\" height=\"960\" srcset=\"https:\/\/www.tunisienumerique.com\/wp-content\/uploads\/2019\/04\/blocs.jpg 671w, https:\/\/www.tunisienumerique.com\/wp-content\/uploads\/2019\/04\/blocs-600x858.jpg 600w\" sizes=\"auto, (max-width: 671px) 100vw, 671px\"\/><\/p>\n<div class=\"mvp-org-wrap mvp-org-logo\" itemprop=\"publisher\" itemscope=\"\" itemtype=\"https:\/\/schema.org\/Organization\"><img decoding=\"async\" src=\"https:\/\/www.tunisienumerique.com\/wp-content\/uploads\/2017\/02\/logo_tunisie_numerique.png\"\/><\/div>\n<div class=\"nc_socialPanel swp_flatFresh swp_d_fullColor swp_i_fullColor swp_o_fullColor scale-100 scale-fullWidth\" data-position=\"none\" data-float=\"floatNone\" data-count=\"5\" data-floatcolor=\"#ffffff\" data-emphasize=\"0\">\n<div class=\"nc_tweetContainer totes totesalt\" data-id=\"6\"><span class=\"swp_count\"><span class=\"swp_label\">Partages<\/span> 0<\/span><\/div>\n<\/div>\n<div class=\"mvp-related-posts left relative\">\n<h4 class=\"post-header\"><span class=\"post-header\">Lire aussi<\/span><\/h4>\n<\/div>\n<\/div>\n<p>Auteur: LM<br \/>\n<a href=\"https:\/\/www.tunisienumerique.com\/tunisie-derniere-mise-a-jour-des-poids-des-differents-blocs-parlementaires-a-larp\/\">Cliquez ici pour lire l&rsquo;article depuis sa source.<\/a><\/p>\n","protected":false},"excerpt":{"rendered":"<p>Partages 0 Le vice pr\u00e9sident de l\u2019ARP, Abdelfattah Mourou a annonc\u00e9, ce mardi, les d\u00e9missions de Faouzia Ben Fodha,\u00a0 Kamel Harragui et Abdelkader Ben Dhifallah du bloc parlementaire Nidaa Tounes. Par ailleurs, il a annonc\u00e9 l\u2019adh\u00e9sion \u00e0 ce bloc de Youssef Jouini. De cette mani\u00e8re, la nouvelle composition des diff\u00e9rents blocs parlementaires devient comme suit\u00a0: [&hellip;]<\/p>\n","protected":false},"author":1789,"featured_media":29682,"comment_status":"closed","ping_status":"closed","sticky":false,"template":"","format":"standard","meta":{"fifu_image_url":"","fifu_image_alt":"","footnotes":""},"categories":[73,55],"tags":[],"class_list":["post-29681","post","type-post","status-publish","format-standard","has-post-thumbnail","hentry","category-actualite","category-tunisie"],"_links":{"self":[{"href":"https:\/\/linitiative.ca\/International\/wp-json\/wp\/v2\/posts\/29681","targetHints":{"allow":["GET"]}}],"collection":[{"href":"https:\/\/linitiative.ca\/International\/wp-json\/wp\/v2\/posts"}],"about":[{"href":"https:\/\/linitiative.ca\/International\/wp-json\/wp\/v2\/types\/post"}],"author":[{"embeddable":true,"href":"https:\/\/linitiative.ca\/International\/wp-json\/wp\/v2\/users\/1789"}],"replies":[{"embeddable":true,"href":"https:\/\/linitiative.ca\/International\/wp-json\/wp\/v2\/comments?post=29681"}],"version-history":[{"count":0,"href":"https:\/\/linitiative.ca\/International\/wp-json\/wp\/v2\/posts\/29681\/revisions"}],"wp:featuredmedia":[{"embeddable":true,"href":"https:\/\/linitiative.ca\/International\/wp-json\/"}],"wp:attachment":[{"href":"https:\/\/linitiative.ca\/International\/wp-json\/wp\/v2\/media?parent=29681"}],"wp:term":[{"taxonomy":"category","embeddable":true,"href":"https:\/\/linitiative.ca\/International\/wp-json\/wp\/v2\/categories?post=29681"},{"taxonomy":"post_tag","embeddable":true,"href":"https:\/\/linitiative.ca\/International\/wp-json\/wp\/v2\/tags?post=29681"}],"curies":[{"name":"wp","href":"https:\/\/api.w.org\/{rel}","templated":true}]}}